{"id":258,"date":"2024-03-22T08:00:46","date_gmt":"2024-03-22T08:00:46","guid":{"rendered":"https:\/\/infofeina.com\/blog\/?p=258"},"modified":"2024-03-25T07:42:32","modified_gmt":"2024-03-25T07:42:32","slug":"reclutament-i-seleccio-del-personal","status":"publish","type":"post","link":"https:\/\/www.infofeina.com\/blog\/ca\/2024\/03\/22\/reclutament-i-seleccio-del-personal\/","title":{"rendered":"Reclutament i selecci\u00f3 de personal"},"content":{"rendered":"<p>El <strong>reclutament i selecci\u00f3 de personal<\/strong> no s\u00f3n tasques f\u00e0cils. Descobrir el candidat idoni requereix un gran esfor\u00e7, dedicaci\u00f3 i hores de treball. No obstant aix\u00f2, no es tracta de sumar hores a l&#8217;activitat, sin\u00f3 d&#8217;optimitzar el seu rendiment.<\/p>\n<h2>Selecci\u00f3 i reclutament de personal<\/h2>\n<p>Pel <strong>reclutament i selecci\u00f3 de personal en una empresa<\/strong>, aprofitar al m\u00e0xim el temps sempre \u00e9s possible si es parteix d&#8217;un treball ben organitzat, una orientaci\u00f3 clara de les necessitats, <a href=\"https:\/\/www.infofeina.com\/empresa\/iniciar-sessio\">llocs de treball a cobrir<\/a> i una oferta de feina atractiva que arribi als candidats possibles.<\/p>\n<p>A continuaci\u00f3, et presentem alguns consells b\u00e0sics per a la <strong>selecci\u00f3 i reclutament de personal<\/strong>:<\/p>\n<h3>Determinaci\u00f3 de les necessitats de personal de l&#8217;empresa<\/h3>\n<p>Una de les teves funcions primordials \u00e9s la <strong>determinaci\u00f3 de les necessitats de l&#8217;empresa<\/strong> i, entre aquestes, veure aquelles que es poden i es deuen cobrir priorit\u00e0riament. A vegades no \u00e9s possible, basant-nos en els pressupostos i altres condicionants, reclutar i cobrir, mitjan\u00e7ant llocs de treball, totes les necessitats de forma \u00f2ptima i s&#8217;haur\u00e0 de proposar aquelles que s\u00f3n m\u00e9s necess\u00e0ries.<\/p>\n<h3>Crear ofertes de feina<\/h3>\n<p>Aquesta \u00e9s la fase de negociaci\u00f3 amb l&#8217;empresa. La teva missi\u00f3 \u00e9s aconseguir conv\u00e8ncer l&#8217;empresa per a l&#8217;establiment de condicions que permetin crear ofertes de feina prou atractives per accedir a candidats de la m\u00e0xima qualitat. Si desitges saber m\u00e9s sobre la creaci\u00f3 d&#8217;ofertes, et recomanem que donis una ullada al nostre post sobre <a href=\"https:\/\/www.infofeina.com\/blog\/ca\/2023\/07\/11\/com-fer-una-oferta-de-treball\/\">com redactar una oferta de treball<\/a>.<\/p>\n<h3>Publicar l&#8217;oferta de treball<\/h3>\n<p>Ara has de <strong>publicar l&#8217;oferta de treball<\/strong> al mercat, fer-la circular en plataformes i xarxes socials.<\/p>\n<p>La redacci\u00f3 de la proposta i la seva correcta difusi\u00f3 i orientaci\u00f3 s\u00f3n aqu\u00ed elements fonamentals que hem de tenir en compte quan publiquem ofertes de treball. Com millor seleccionat estigui el perfil de difusi\u00f3, abans i amb m\u00e9s agilitat accedir\u00e0s a que es interessin en tu candidats que s&#8217;ajustin al perfil desitjat.<\/p>\n<h3>Seguiment de candidatures<\/h3>\n<p>Analitzar les candidatures suposa una tasca met\u00f2dica i fonamental. Cal procurar tenir tota la informaci\u00f3 necess\u00e0ria dels candidats d&#8217;una forma simult\u00e0nia en un per\u00edode de temps determinat, de manera que ens permeti realitzar una an\u00e0lisi i una contrastaci\u00f3 de les diferents possibilitats de selecci\u00f3 que tenim segons el lloc de treball a cobrir.<\/p>\n<h3>Negociaci\u00f3 amb els candidats<\/h3>\n<p>Si abans va tocar negociar amb l&#8217;empresa, ara arriba el moment de seleccionar una s\u00e8rie de candidats i negociar amb ells, vendre&#8217;ls el projecte i arribar a un ajust de condicions prou atractiu com perqu\u00e8 els millors estiguin desitjant embarcar-se en el projecte. D&#8217;aquesta manera tenim m\u00e9s possibilitats que el candidat triat prefereixi el nostre lloc de treball.<\/p>\n<h3>Analitzar les teves accions en la recerca de candidats<\/h3>\n<p>Un aspecte important en la teva activitat \u00e9s l&#8217;estimaci\u00f3 del resultat i rendiment de les teves accions a l&#8217;hora de buscar candidats. L&#8217;estudi i an\u00e0lisi de les m\u00e8triques et permetr\u00e0 anar coneixent on pots optimitzar la teva gesti\u00f3, en quins punts es poden agilitar els processos i on est\u00e0 funcionant perfectament.<\/p>\n<h2>Gesti\u00f3 de reclutament i selecci\u00f3 amb Infofeina<\/h2>\n<p>Recolzar-te en un sistema de gesti\u00f3 de reclutament i selecci\u00f3, com el que t&#8217;ofereix la nostra plataforma, \u00e9s sempre una gran ajuda. A trav\u00e9s del mateix, podr\u00e0s gestionar amb major facilitat les ofertes de treball que publiques i rebre totes les respostes dels possibles candidats. Aquestes es canalitzen d&#8217;una forma \u00e0gil i clara, tant per a tu com per a ells.<\/p>\n<p>La documentaci\u00f3 necess\u00e0ria \u00e9s accessible d&#8217;una forma directa i les comunicacions es fan m\u00e9s f\u00e0cils i senzilles a trav\u00e9s d&#8217;un dashboard intu\u00eftiu i pr\u00e0ctic. Comptar\u00e0s amb m\u00e8triques i dades que et permetran seguir al moment l&#8217;evoluci\u00f3 de les ofertes de treball i accedir\u00e0s a una \u00e0mplia base de dades des de candidats possibles. Tot un sistema de gesti\u00f3 que centralitza, d&#8217;una forma organitzada, la major part de les necessitats del proc\u00e9s de selecci\u00f3.<\/p>\n","protected":false},"excerpt":{"rendered":"<p>El reclutament i selecci\u00f3 de personal no s\u00f3n tasques f\u00e0cils. Descobrir el candidat idoni requereix un gran esfor\u00e7, dedicaci\u00f3 i hores de treball. No obstant aix\u00f2, no es tracta de sumar hores a l&#8217;activitat, sin\u00f3 d&#8217;optimitzar el seu rendiment. Selecci\u00f3 i reclutament de personal Pel reclutament i selecci\u00f3 de personal en una empresa, aprofitar al [&hellip;]<\/p>\n","protected":false},"author":1,"featured_media":245,"comment_status":"open","ping_status":"open","sticky":false,"template":"","format":"standard","meta":{"_et_pb_use_builder":"","_et_pb_old_content":"","_et_gb_content_width":"","footnotes":""},"categories":[40],"tags":[],"class_list":["post-258","post","type-post","status-publish","format-standard","has-post-thumbnail","hentry","category-seleccio-de-candidats"],"yoast_head":"<!-- This site is optimized with the Yoast SEO plugin v23.1 - https:\/\/yoast.com\/wordpress\/plugins\/seo\/ -->\n<title>Reclutament i selecci\u00f3 de personal - Blog Infofeina<\/title>\n<meta name=\"description\" content=\"Optimitza el reclutament i selecci\u00f3 de personal amb consells pr\u00e0ctics i estrat\u00e8gies eficients per gestionar candidatures i millorar processos.\" \/>\n<meta name=\"robots\" content=\"index, follow, max-snippet:-1, max-image-preview:large, max-video-preview:-1\" \/>\n<link rel=\"canonical\" href=\"https:\/\/www.infofeina.com\/blog\/ca\/2024\/03\/22\/reclutament-i-seleccio-del-personal\/\" \/>\n<meta property=\"og:locale\" content=\"es_ES\" \/>\n<meta property=\"og:type\" content=\"article\" \/>\n<meta property=\"og:title\" content=\"Reclutament i selecci\u00f3 de personal - Blog Infofeina\" \/>\n<meta property=\"og:description\" content=\"Optimitza el reclutament i selecci\u00f3 de personal amb consells pr\u00e0ctics i estrat\u00e8gies eficients per gestionar candidatures i millorar processos.\" \/>\n<meta property=\"og:url\" content=\"https:\/\/www.infofeina.com\/blog\/ca\/2024\/03\/22\/reclutament-i-seleccio-del-personal\/\" \/>\n<meta property=\"og:site_name\" content=\"Blog Infofeina\" \/>\n<meta property=\"article:published_time\" content=\"2024-03-22T08:00:46+00:00\" \/>\n<meta property=\"article:modified_time\" content=\"2024-03-25T07:42:32+00:00\" \/>\n<meta property=\"og:image\" content=\"https:\/\/www.infofeina.com\/blog\/wp-content\/uploads\/2017\/06\/infofeina-gesti\u00f3n-candidaturas.png\" \/>\n\t<meta property=\"og:image:width\" content=\"596\" \/>\n\t<meta property=\"og:image:height\" content=\"397\" \/>\n\t<meta property=\"og:image:type\" content=\"image\/png\" \/>\n<meta name=\"author\" content=\"admin\" \/>\n<meta name=\"twitter:card\" content=\"summary_large_image\" \/>\n<meta name=\"twitter:label1\" content=\"Escrito por\" \/>\n\t<meta name=\"twitter:data1\" content=\"admin\" \/>\n\t<meta name=\"twitter:label2\" content=\"Tiempo de lectura\" \/>\n\t<meta name=\"twitter:data2\" content=\"4 minutos\" \/>\n<script type=\"application\/ld+json\" class=\"yoast-schema-graph\">{\"@context\":\"https:\/\/schema.org\",\"@graph\":[{\"@type\":\"Article\",\"@id\":\"https:\/\/www.infofeina.com\/blog\/ca\/2024\/03\/22\/reclutament-i-seleccio-del-personal\/#article\",\"isPartOf\":{\"@id\":\"https:\/\/www.infofeina.com\/blog\/ca\/2024\/03\/22\/reclutament-i-seleccio-del-personal\/\"},\"author\":{\"name\":\"admin\",\"@id\":\"https:\/\/www.infofeina.com\/blog\/#\/schema\/person\/ee3f5bf3fcba9df54baef3ff88436462\"},\"headline\":\"Reclutament i selecci\u00f3 de personal\",\"datePublished\":\"2024-03-22T08:00:46+00:00\",\"dateModified\":\"2024-03-25T07:42:32+00:00\",\"mainEntityOfPage\":{\"@id\":\"https:\/\/www.infofeina.com\/blog\/ca\/2024\/03\/22\/reclutament-i-seleccio-del-personal\/\"},\"wordCount\":671,\"commentCount\":0,\"publisher\":{\"@id\":\"https:\/\/www.infofeina.com\/blog\/#organization\"},\"image\":{\"@id\":\"https:\/\/www.infofeina.com\/blog\/ca\/2024\/03\/22\/reclutament-i-seleccio-del-personal\/#primaryimage\"},\"thumbnailUrl\":\"https:\/\/www.infofeina.com\/blog\/wp-content\/uploads\/2017\/06\/infofeina-gesti\u00f3n-candidaturas.png\",\"articleSection\":[\"Selecci\u00f3 de candidats\"],\"inLanguage\":\"es\",\"potentialAction\":[{\"@type\":\"CommentAction\",\"name\":\"Comment\",\"target\":[\"https:\/\/www.infofeina.com\/blog\/ca\/2024\/03\/22\/reclutament-i-seleccio-del-personal\/#respond\"]}]},{\"@type\":\"WebPage\",\"@id\":\"https:\/\/www.infofeina.com\/blog\/ca\/2024\/03\/22\/reclutament-i-seleccio-del-personal\/\",\"url\":\"https:\/\/www.infofeina.com\/blog\/ca\/2024\/03\/22\/reclutament-i-seleccio-del-personal\/\",\"name\":\"Reclutament i selecci\u00f3 de personal - Blog Infofeina\",\"isPartOf\":{\"@id\":\"https:\/\/www.infofeina.com\/blog\/#website\"},\"primaryImageOfPage\":{\"@id\":\"https:\/\/www.infofeina.com\/blog\/ca\/2024\/03\/22\/reclutament-i-seleccio-del-personal\/#primaryimage\"},\"image\":{\"@id\":\"https:\/\/www.infofeina.com\/blog\/ca\/2024\/03\/22\/reclutament-i-seleccio-del-personal\/#primaryimage\"},\"thumbnailUrl\":\"https:\/\/www.infofeina.com\/blog\/wp-content\/uploads\/2017\/06\/infofeina-gesti\u00f3n-candidaturas.png\",\"datePublished\":\"2024-03-22T08:00:46+00:00\",\"dateModified\":\"2024-03-25T07:42:32+00:00\",\"description\":\"Optimitza el reclutament i selecci\u00f3 de personal amb consells pr\u00e0ctics i estrat\u00e8gies eficients per gestionar candidatures i millorar processos.\",\"breadcrumb\":{\"@id\":\"https:\/\/www.infofeina.com\/blog\/ca\/2024\/03\/22\/reclutament-i-seleccio-del-personal\/#breadcrumb\"},\"inLanguage\":\"es\",\"potentialAction\":[{\"@type\":\"ReadAction\",\"target\":[\"https:\/\/www.infofeina.com\/blog\/ca\/2024\/03\/22\/reclutament-i-seleccio-del-personal\/\"]}]},{\"@type\":\"ImageObject\",\"inLanguage\":\"es\",\"@id\":\"https:\/\/www.infofeina.com\/blog\/ca\/2024\/03\/22\/reclutament-i-seleccio-del-personal\/#primaryimage\",\"url\":\"https:\/\/www.infofeina.com\/blog\/wp-content\/uploads\/2017\/06\/infofeina-gesti\u00f3n-candidaturas.png\",\"contentUrl\":\"https:\/\/www.infofeina.com\/blog\/wp-content\/uploads\/2017\/06\/infofeina-gesti\u00f3n-candidaturas.png\",\"width\":596,\"height\":397,\"caption\":\"infofeina-gesti\u00f3n-candidaturas\"},{\"@type\":\"BreadcrumbList\",\"@id\":\"https:\/\/www.infofeina.com\/blog\/ca\/2024\/03\/22\/reclutament-i-seleccio-del-personal\/#breadcrumb\",\"itemListElement\":[{\"@type\":\"ListItem\",\"position\":1,\"name\":\"Portada\",\"item\":\"https:\/\/www.infofeina.com\/blog\/es\/\"},{\"@type\":\"ListItem\",\"position\":2,\"name\":\"Reclutament i selecci\u00f3 de personal\"}]},{\"@type\":\"WebSite\",\"@id\":\"https:\/\/www.infofeina.com\/blog\/#website\",\"url\":\"https:\/\/www.infofeina.com\/blog\/\",\"name\":\"Blog Infofeina\",\"description\":\"\",\"publisher\":{\"@id\":\"https:\/\/www.infofeina.com\/blog\/#organization\"},\"potentialAction\":[{\"@type\":\"SearchAction\",\"target\":{\"@type\":\"EntryPoint\",\"urlTemplate\":\"https:\/\/www.infofeina.com\/blog\/?s={search_term_string}\"},\"query-input\":\"required name=search_term_string\"}],\"inLanguage\":\"es\"},{\"@type\":\"Organization\",\"@id\":\"https:\/\/www.infofeina.com\/blog\/#organization\",\"name\":\"Infofeina\",\"url\":\"https:\/\/www.infofeina.com\/blog\/\",\"logo\":{\"@type\":\"ImageObject\",\"inLanguage\":\"es\",\"@id\":\"https:\/\/www.infofeina.com\/blog\/#\/schema\/logo\/image\/\",\"url\":\"https:\/\/www.infofeina.com\/blog\/wp-content\/uploads\/2016\/07\/logo-infofeina-cabecera.png\",\"contentUrl\":\"https:\/\/www.infofeina.com\/blog\/wp-content\/uploads\/2016\/07\/logo-infofeina-cabecera.png\",\"width\":209,\"height\":75,\"caption\":\"Infofeina\"},\"image\":{\"@id\":\"https:\/\/www.infofeina.com\/blog\/#\/schema\/logo\/image\/\"}},{\"@type\":\"Person\",\"@id\":\"https:\/\/www.infofeina.com\/blog\/#\/schema\/person\/ee3f5bf3fcba9df54baef3ff88436462\",\"name\":\"admin\",\"image\":{\"@type\":\"ImageObject\",\"inLanguage\":\"es\",\"@id\":\"https:\/\/www.infofeina.com\/blog\/#\/schema\/person\/image\/\",\"url\":\"https:\/\/secure.gravatar.com\/avatar\/e8ef99449f4105c2d4642a60b17696add33d2f4cf9ec4499f84d0eed1718efbd?s=96&d=mm&r=g\",\"contentUrl\":\"https:\/\/secure.gravatar.com\/avatar\/e8ef99449f4105c2d4642a60b17696add33d2f4cf9ec4499f84d0eed1718efbd?s=96&d=mm&r=g\",\"caption\":\"admin\"}}]}<\/script>\n<!-- \/ Yoast SEO plugin. -->","yoast_head_json":{"title":"Reclutament i selecci\u00f3 de personal - Blog Infofeina","description":"Optimitza el reclutament i selecci\u00f3 de personal amb consells pr\u00e0ctics i estrat\u00e8gies eficients per gestionar candidatures i millorar processos.","robots":{"index":"index","follow":"follow","max-snippet":"max-snippet:-1","max-image-preview":"max-image-preview:large","max-video-preview":"max-video-preview:-1"},"canonical":"https:\/\/www.infofeina.com\/blog\/ca\/2024\/03\/22\/reclutament-i-seleccio-del-personal\/","og_locale":"es_ES","og_type":"article","og_title":"Reclutament i selecci\u00f3 de personal - Blog Infofeina","og_description":"Optimitza el reclutament i selecci\u00f3 de personal amb consells pr\u00e0ctics i estrat\u00e8gies eficients per gestionar candidatures i millorar processos.","og_url":"https:\/\/www.infofeina.com\/blog\/ca\/2024\/03\/22\/reclutament-i-seleccio-del-personal\/","og_site_name":"Blog Infofeina","article_published_time":"2024-03-22T08:00:46+00:00","article_modified_time":"2024-03-25T07:42:32+00:00","og_image":[{"width":596,"height":397,"url":"https:\/\/www.infofeina.com\/blog\/wp-content\/uploads\/2017\/06\/infofeina-gesti\u00f3n-candidaturas.png","type":"image\/png"}],"author":"admin","twitter_card":"summary_large_image","twitter_misc":{"Escrito por":"admin","Tiempo de lectura":"4 minutos"},"schema":{"@context":"https:\/\/schema.org","@graph":[{"@type":"Article","@id":"https:\/\/www.infofeina.com\/blog\/ca\/2024\/03\/22\/reclutament-i-seleccio-del-personal\/#article","isPartOf":{"@id":"https:\/\/www.infofeina.com\/blog\/ca\/2024\/03\/22\/reclutament-i-seleccio-del-personal\/"},"author":{"name":"admin","@id":"https:\/\/www.infofeina.com\/blog\/#\/schema\/person\/ee3f5bf3fcba9df54baef3ff88436462"},"headline":"Reclutament i selecci\u00f3 de personal","datePublished":"2024-03-22T08:00:46+00:00","dateModified":"2024-03-25T07:42:32+00:00","mainEntityOfPage":{"@id":"https:\/\/www.infofeina.com\/blog\/ca\/2024\/03\/22\/reclutament-i-seleccio-del-personal\/"},"wordCount":671,"commentCount":0,"publisher":{"@id":"https:\/\/www.infofeina.com\/blog\/#organization"},"image":{"@id":"https:\/\/www.infofeina.com\/blog\/ca\/2024\/03\/22\/reclutament-i-seleccio-del-personal\/#primaryimage"},"thumbnailUrl":"https:\/\/www.infofeina.com\/blog\/wp-content\/uploads\/2017\/06\/infofeina-gesti\u00f3n-candidaturas.png","articleSection":["Selecci\u00f3 de candidats"],"inLanguage":"es","potentialAction":[{"@type":"CommentAction","name":"Comment","target":["https:\/\/www.infofeina.com\/blog\/ca\/2024\/03\/22\/reclutament-i-seleccio-del-personal\/#respond"]}]},{"@type":"WebPage","@id":"https:\/\/www.infofeina.com\/blog\/ca\/2024\/03\/22\/reclutament-i-seleccio-del-personal\/","url":"https:\/\/www.infofeina.com\/blog\/ca\/2024\/03\/22\/reclutament-i-seleccio-del-personal\/","name":"Reclutament i selecci\u00f3 de personal - Blog Infofeina","isPartOf":{"@id":"https:\/\/www.infofeina.com\/blog\/#website"},"primaryImageOfPage":{"@id":"https:\/\/www.infofeina.com\/blog\/ca\/2024\/03\/22\/reclutament-i-seleccio-del-personal\/#primaryimage"},"image":{"@id":"https:\/\/www.infofeina.com\/blog\/ca\/2024\/03\/22\/reclutament-i-seleccio-del-personal\/#primaryimage"},"thumbnailUrl":"https:\/\/www.infofeina.com\/blog\/wp-content\/uploads\/2017\/06\/infofeina-gesti\u00f3n-candidaturas.png","datePublished":"2024-03-22T08:00:46+00:00","dateModified":"2024-03-25T07:42:32+00:00","description":"Optimitza el reclutament i selecci\u00f3 de personal amb consells pr\u00e0ctics i estrat\u00e8gies eficients per gestionar candidatures i millorar processos.","breadcrumb":{"@id":"https:\/\/www.infofeina.com\/blog\/ca\/2024\/03\/22\/reclutament-i-seleccio-del-personal\/#breadcrumb"},"inLanguage":"es","potentialAction":[{"@type":"ReadAction","target":["https:\/\/www.infofeina.com\/blog\/ca\/2024\/03\/22\/reclutament-i-seleccio-del-personal\/"]}]},{"@type":"ImageObject","inLanguage":"es","@id":"https:\/\/www.infofeina.com\/blog\/ca\/2024\/03\/22\/reclutament-i-seleccio-del-personal\/#primaryimage","url":"https:\/\/www.infofeina.com\/blog\/wp-content\/uploads\/2017\/06\/infofeina-gesti\u00f3n-candidaturas.png","contentUrl":"https:\/\/www.infofeina.com\/blog\/wp-content\/uploads\/2017\/06\/infofeina-gesti\u00f3n-candidaturas.png","width":596,"height":397,"caption":"infofeina-gesti\u00f3n-candidaturas"},{"@type":"BreadcrumbList","@id":"https:\/\/www.infofeina.com\/blog\/ca\/2024\/03\/22\/reclutament-i-seleccio-del-personal\/#breadcrumb","itemListElement":[{"@type":"ListItem","position":1,"name":"Portada","item":"https:\/\/www.infofeina.com\/blog\/es\/"},{"@type":"ListItem","position":2,"name":"Reclutament i selecci\u00f3 de personal"}]},{"@type":"WebSite","@id":"https:\/\/www.infofeina.com\/blog\/#website","url":"https:\/\/www.infofeina.com\/blog\/","name":"Blog Infofeina","description":"","publisher":{"@id":"https:\/\/www.infofeina.com\/blog\/#organization"},"potentialAction":[{"@type":"SearchAction","target":{"@type":"EntryPoint","urlTemplate":"https:\/\/www.infofeina.com\/blog\/?s={search_term_string}"},"query-input":"required name=search_term_string"}],"inLanguage":"es"},{"@type":"Organization","@id":"https:\/\/www.infofeina.com\/blog\/#organization","name":"Infofeina","url":"https:\/\/www.infofeina.com\/blog\/","logo":{"@type":"ImageObject","inLanguage":"es","@id":"https:\/\/www.infofeina.com\/blog\/#\/schema\/logo\/image\/","url":"https:\/\/www.infofeina.com\/blog\/wp-content\/uploads\/2016\/07\/logo-infofeina-cabecera.png","contentUrl":"https:\/\/www.infofeina.com\/blog\/wp-content\/uploads\/2016\/07\/logo-infofeina-cabecera.png","width":209,"height":75,"caption":"Infofeina"},"image":{"@id":"https:\/\/www.infofeina.com\/blog\/#\/schema\/logo\/image\/"}},{"@type":"Person","@id":"https:\/\/www.infofeina.com\/blog\/#\/schema\/person\/ee3f5bf3fcba9df54baef3ff88436462","name":"admin","image":{"@type":"ImageObject","inLanguage":"es","@id":"https:\/\/www.infofeina.com\/blog\/#\/schema\/person\/image\/","url":"https:\/\/secure.gravatar.com\/avatar\/e8ef99449f4105c2d4642a60b17696add33d2f4cf9ec4499f84d0eed1718efbd?s=96&d=mm&r=g","contentUrl":"https:\/\/secure.gravatar.com\/avatar\/e8ef99449f4105c2d4642a60b17696add33d2f4cf9ec4499f84d0eed1718efbd?s=96&d=mm&r=g","caption":"admin"}}]}},"_links":{"self":[{"href":"https:\/\/www.infofeina.com\/blog\/wp-json\/wp\/v2\/posts\/258","targetHints":{"allow":["GET"]}}],"collection":[{"href":"https:\/\/www.infofeina.com\/blog\/wp-json\/wp\/v2\/posts"}],"about":[{"href":"https:\/\/www.infofeina.com\/blog\/wp-json\/wp\/v2\/types\/post"}],"author":[{"embeddable":true,"href":"https:\/\/www.infofeina.com\/blog\/wp-json\/wp\/v2\/users\/1"}],"replies":[{"embeddable":true,"href":"https:\/\/www.infofeina.com\/blog\/wp-json\/wp\/v2\/comments?post=258"}],"version-history":[{"count":5,"href":"https:\/\/www.infofeina.com\/blog\/wp-json\/wp\/v2\/posts\/258\/revisions"}],"predecessor-version":[{"id":262,"href":"https:\/\/www.infofeina.com\/blog\/wp-json\/wp\/v2\/posts\/258\/revisions\/262"}],"wp:featuredmedia":[{"embeddable":true,"href":"https:\/\/www.infofeina.com\/blog\/wp-json\/wp\/v2\/media\/245"}],"wp:attachment":[{"href":"https:\/\/www.infofeina.com\/blog\/wp-json\/wp\/v2\/media?parent=258"}],"wp:term":[{"taxonomy":"category","embeddable":true,"href":"https:\/\/www.infofeina.com\/blog\/wp-json\/wp\/v2\/categories?post=258"},{"taxonomy":"post_tag","embeddable":true,"href":"https:\/\/www.infofeina.com\/blog\/wp-json\/wp\/v2\/tags?post=258"}],"curies":[{"name":"wp","href":"https:\/\/api.w.org\/{rel}","templated":true}]}}