{"id":288,"date":"2023-04-13T08:16:31","date_gmt":"2023-04-13T08:16:31","guid":{"rendered":"https:\/\/infofeina.com\/blog\/?p=288"},"modified":"2023-04-14T08:31:03","modified_gmt":"2023-04-14T08:31:03","slug":"salario-emocional-que-es","status":"publish","type":"post","link":"https:\/\/www.infofeina.com\/blog\/es\/2023\/04\/13\/salario-emocional-que-es\/","title":{"rendered":"\u00bfQu\u00e9 es el salario emocional y por qu\u00e9 es importante?"},"content":{"rendered":"<p>El <strong>salario emocional<\/strong> ha entrado en juego en el mundo laboral ya que el trabajador no busca solo unos criterios de salario y puramente econ\u00f3micos, sino que busca la conciliaci\u00f3n con una vida familiar y personal.<\/p>\n<p>De esta forma, lo que se ven\u00edan conociendo como incentivos no econ\u00f3micos o intangibles y que a menudo quedaban en un segundo plano, se han convertido hoy en un paquete imprescindible para atraer y fidelizar el talento.<\/p>\n<h2>\u00bfQu\u00e9 es el salario emocional?<\/h2>\n<p>El <strong>salario emocional<\/strong> es todo el conjunto o paquete de beneficios, no directamente econ\u00f3micos o monetarios, que la empresa ofrece como a\u00f1adido al sueldo a sus empleados.<\/p>\n<p>El conjunto de la oferta puede ser de lo m\u00e1s variado e incluir, desde seguros m\u00e9dicos de car\u00e1cter privado, a fondos de pensiones, guarder\u00edas o el simple beneficio de salir antes los viernes.<\/p>\n<p>En definitiva, todo aquello que le hace sentir al trabajador c\u00f3modo, productivo, valorado y con una estabilidad y que habr\u00eda muchas cosas que perder\u00eda con un cambio por criterios puramente econ\u00f3micos, en el caso de la fidelizaci\u00f3n, o que, por el contrario, habr\u00eda muchas cosas a ganar en caso de decidirse por entrar en nuestra empresa, en el caso del reclutamiento.<\/p>\n<h2>La importancia del salario emocional<\/h2>\n<p>Las nuevas generaciones han aprendido a valorar en sus vidas muchos otros aspectos que van m\u00e1s all\u00e1 de lo econ\u00f3mico. Su tiempo de ocio, el tiempo para dedicarle a la familia y a los hijos, sentirse a gusto en el trabajo que desempe\u00f1a&#8230;<\/p>\n<p>Al mismo tiempo, las empresas han aprendido a no basar la productividad en el n\u00famero de horas, sino en la motivaci\u00f3n del trabajador y del equipo.<\/p>\n<p>De esta forma, se produce una interacci\u00f3n perfecta entre lo que la empresa desea, que es la productividad y estabilidad de su equipo, y lo que el trabajador necesita que es motivaci\u00f3n emocional y todo ello articulado en torno a una serie de beneficios a menudo intangibles, pero de vital importancia para el estilo de vida que desea el trabajador.<\/p>\n<h2>\u00bfC\u00f3mo funciona el salario emocional?<\/h2>\n<p>Aunque los incentivos que pueden componer este paquete pueden ser de lo m\u00e1s variado y originales, hay algunos elementos fundamentales que suelen formar parte del paquete de forma ineludible.<\/p>\n<ol>\n<li><strong>Posibilidad de evoluci\u00f3n dentro de la propia empresa<\/strong><\/li>\n<\/ol>\n<p>Ponemos este elemento en primer lugar por su trascendencia. El trabajador que buscamos en nuestro <strong>reclutamiento de personal<\/strong> quiere una estabilidad, no le gustan los cambios y quiere desarrollar su carrera profesional dentro de la misma empresa, aprovechar las oportunidades y saber que estas est\u00e1n al alcance de su mano.<\/p>\n<p>Un buen plan de promoci\u00f3n interna, sujeto a un criterio lo m\u00e1s objetivo posible, ser\u00e1 fundamental para el reclutamiento y posterior fidelizaci\u00f3n del talento en nuestra empresa.<\/p>\n<ol start=\"2\">\n<li><strong>Favorecer el desarrollo personal y profesional<\/strong><\/li>\n<\/ol>\n<p>\u00cdntimamente relacionado con el punto anterior, la empresa ha de favorecer la formaci\u00f3n interna de sus trabajadores, su constante aprendizaje y evoluci\u00f3n con cursos y seminarios internos y pol\u00edticas de apoyo a la formaci\u00f3n, subvenciones de estudios, becas y publicaciones.<\/p>\n<ol start=\"3\">\n<li><strong>Conciliaci\u00f3n con la vida familiar y personal<\/strong><\/li>\n<\/ol>\n<p>Estamos aqu\u00ed ante uno de los elementos m\u00e1s valorados por los trabajadores y que puede ser implementado a trav\u00e9s de infinidad de medidas:<\/p>\n<ul>\n<li>Horarios de entrada y salida flexibles.<\/li>\n<li>Vacaciones extra.<\/li>\n<li>D\u00edas para asuntos propios.<\/li>\n<li>Posibilidad de teletrabajo.<\/li>\n<li>Jornada reducida.<\/li>\n<li>Jornadas intensivas en verano.<\/li>\n<li>Fin de jornada anticipado los viernes.<\/li>\n<li>D\u00eda de cumplea\u00f1os libre.<\/li>\n<\/ul>\n<ol start=\"4\">\n<li><strong>Buen ambiente y espacio de trabajo<\/strong><\/li>\n<\/ol>\n<p>El clima laboral es de suma importancia. Contar con espacios de relajaci\u00f3n y convivencia en la empresa que fomenten la interactuaci\u00f3n profesional y personal del equipo, actividades de convivencia y formaci\u00f3n, el trabajo en equipo y un buen funcionamiento del liderazgo.<\/p>\n<p>Pero el espacio, su distribuci\u00f3n y decoraci\u00f3n, son tambi\u00e9n de suma importancia, ya que el trabajador pasar\u00e1 una importante parte de su vida en un espacio y un entorno que ha de ser agradable, c\u00f3modo y funcional.<\/p>\n<ol start=\"5\">\n<li><strong>Identificaci\u00f3n del trabajador con los valores de la empresa<\/strong><\/li>\n<\/ol>\n<p>Hacer sentir al candidato o al trabajador que forma parte de algo, de un proyecto multidimensional con el que se puede indentificar plenamente, integrarse en \u00e9l y participar en la toma de decisiones y en la evoluci\u00f3n del mismo.<\/p>\n<h2>\u00bfC\u00f3mo transmitir el salario emocional desde la empresa?<\/h2>\n<p>De la misma forma en que creamos una marca para un p\u00fablico consumidor hemos de crear una marca y una reputaci\u00f3n como empleador que refuerce y favorezca nuestros procesos de<strong> buscar candidatos.<\/strong><\/p>\n<p>Esto, que es lo que se denomina Employer Branding, supone convertir la empresa en un im\u00e1n para el talento y se consigue, en gran medida, a trav\u00e9s de saber trasladar la imagen y comunicar todos aquellos aspectos que transcienden la retribuci\u00f3n puramente econ\u00f3mica.<\/p>\n<p>Sin embargo, el mejor veh\u00edculo de transmisi\u00f3n de esta imagen son los propios trabajadores y, para ello, el employer branding ha de basarse en una serie de premisas:<\/p>\n<ul>\n<li>Ser veraz; es decir, apoyarse en los verdaderos valores de la empresa.<\/li>\n<li>Propuestas perfectamente orientadas al talento que queremos captar.<\/li>\n<li>Que sean tus propios trabajadores los que transmitan su fidelidad y situaci\u00f3n dentro de la empresa, involucr\u00e1ndolos en el proyecto.<\/li>\n<li>Utiliza las redes sociales como medio principal de transmisi\u00f3n de la marca.<\/li>\n<\/ul>\n<p>Cada d\u00eda, el equilibrio entre trabajador y <strong>salario emocional<\/strong> es m\u00e1s ajustado. Estudiar a fondo las ventajas que podemos y debemos ofrecer, enfocadas al talento que queremos captar y retener en nuestra <strong><a href=\"http:\/\/www.infofeina.com\/empreses\/empresa.php\">selecci\u00f3n de personal<\/a><\/strong> es una tarea fundamental en toda empresa para convertirla en algo deseable por los mejores.<\/p>\n<p>Si quieres conocer m\u00e1s formas de mantener un buen clima laboral, no dudes en echarle un vistazo a nuestro anterior post <a href=\"https:\/\/www.infofeina.com\/blog\/es\/2023\/03\/14\/5-claves-para-tener-un-buen-clima-laboral\/\">5 claves para tener un buen clima laboral<\/a>.<\/p>\n","protected":false},"excerpt":{"rendered":"<p>El salario emocional ha entrado en juego en el mundo laboral ya que el trabajador no busca solo unos criterios de salario y puramente econ\u00f3micos, sino que busca la conciliaci\u00f3n con una vida familiar y personal. De esta forma, lo que se ven\u00edan conociendo como incentivos no econ\u00f3micos o intangibles y que a menudo quedaban [&hellip;]<\/p>\n","protected":false},"author":1,"featured_media":289,"comment_status":"open","ping_status":"open","sticky":false,"template":"","format":"standard","meta":{"_et_pb_use_builder":"","_et_pb_old_content":"","_et_gb_content_width":"","footnotes":""},"categories":[2],"tags":[],"class_list":["post-288","post","type-post","status-publish","format-standard","has-post-thumbnail","hentry","category-seleccion-de-candidatos"],"yoast_head":"<!-- This site is optimized with the Yoast SEO plugin v23.1 - https:\/\/yoast.com\/wordpress\/plugins\/seo\/ -->\n<title>\u00bfQu\u00e9 es el salario emocional y por qu\u00e9 es importante? - Blog Infofeina<\/title>\n<meta name=\"description\" content=\"El salario emocional ha entrado en el mundo laboral ya que el trabajador no busca s\u00f3lo unos criterios de salario y puramente econ\u00f3micos.\" \/>\n<meta name=\"robots\" content=\"index, follow, max-snippet:-1, max-image-preview:large, max-video-preview:-1\" \/>\n<link rel=\"canonical\" href=\"https:\/\/www.infofeina.com\/blog\/es\/2023\/04\/13\/salario-emocional-que-es\/\" \/>\n<meta property=\"og:locale\" content=\"es_ES\" \/>\n<meta property=\"og:type\" content=\"article\" \/>\n<meta property=\"og:title\" content=\"\u00bfQu\u00e9 es el salario emocional y por qu\u00e9 es importante? - Blog Infofeina\" \/>\n<meta property=\"og:description\" content=\"El salario emocional ha entrado en el mundo laboral ya que el trabajador no busca s\u00f3lo unos criterios de salario y puramente econ\u00f3micos.\" \/>\n<meta property=\"og:url\" content=\"https:\/\/www.infofeina.com\/blog\/es\/2023\/04\/13\/salario-emocional-que-es\/\" \/>\n<meta property=\"og:site_name\" content=\"Blog Infofeina\" \/>\n<meta property=\"article:published_time\" content=\"2023-04-13T08:16:31+00:00\" \/>\n<meta property=\"article:modified_time\" content=\"2023-04-14T08:31:03+00:00\" \/>\n<meta property=\"og:image\" content=\"https:\/\/www.infofeina.com\/blog\/wp-content\/uploads\/2017\/11\/Fotolia_145760735_S.jpg\" \/>\n\t<meta property=\"og:image:width\" content=\"848\" \/>\n\t<meta property=\"og:image:height\" content=\"566\" \/>\n\t<meta property=\"og:image:type\" content=\"image\/jpeg\" \/>\n<meta name=\"author\" content=\"admin\" \/>\n<meta name=\"twitter:card\" content=\"summary_large_image\" \/>\n<meta name=\"twitter:label1\" content=\"Escrito por\" \/>\n\t<meta name=\"twitter:data1\" content=\"admin\" \/>\n\t<meta name=\"twitter:label2\" content=\"Tiempo de lectura\" \/>\n\t<meta name=\"twitter:data2\" content=\"5 minutos\" \/>\n<script type=\"application\/ld+json\" class=\"yoast-schema-graph\">{\"@context\":\"https:\/\/schema.org\",\"@graph\":[{\"@type\":\"Article\",\"@id\":\"https:\/\/www.infofeina.com\/blog\/es\/2023\/04\/13\/salario-emocional-que-es\/#article\",\"isPartOf\":{\"@id\":\"https:\/\/www.infofeina.com\/blog\/es\/2023\/04\/13\/salario-emocional-que-es\/\"},\"author\":{\"name\":\"admin\",\"@id\":\"https:\/\/www.infofeina.com\/blog\/#\/schema\/person\/ee3f5bf3fcba9df54baef3ff88436462\"},\"headline\":\"\u00bfQu\u00e9 es el salario emocional y por qu\u00e9 es importante?\",\"datePublished\":\"2023-04-13T08:16:31+00:00\",\"dateModified\":\"2023-04-14T08:31:03+00:00\",\"mainEntityOfPage\":{\"@id\":\"https:\/\/www.infofeina.com\/blog\/es\/2023\/04\/13\/salario-emocional-que-es\/\"},\"wordCount\":1007,\"commentCount\":0,\"publisher\":{\"@id\":\"https:\/\/www.infofeina.com\/blog\/#organization\"},\"image\":{\"@id\":\"https:\/\/www.infofeina.com\/blog\/es\/2023\/04\/13\/salario-emocional-que-es\/#primaryimage\"},\"thumbnailUrl\":\"https:\/\/www.infofeina.com\/blog\/wp-content\/uploads\/2017\/11\/Fotolia_145760735_S.jpg\",\"articleSection\":[\"Selecci\u00f3n de candidatos\"],\"inLanguage\":\"es\",\"potentialAction\":[{\"@type\":\"CommentAction\",\"name\":\"Comment\",\"target\":[\"https:\/\/www.infofeina.com\/blog\/es\/2023\/04\/13\/salario-emocional-que-es\/#respond\"]}]},{\"@type\":\"WebPage\",\"@id\":\"https:\/\/www.infofeina.com\/blog\/es\/2023\/04\/13\/salario-emocional-que-es\/\",\"url\":\"https:\/\/www.infofeina.com\/blog\/es\/2023\/04\/13\/salario-emocional-que-es\/\",\"name\":\"\u00bfQu\u00e9 es el salario emocional y por qu\u00e9 es importante? - Blog Infofeina\",\"isPartOf\":{\"@id\":\"https:\/\/www.infofeina.com\/blog\/#website\"},\"primaryImageOfPage\":{\"@id\":\"https:\/\/www.infofeina.com\/blog\/es\/2023\/04\/13\/salario-emocional-que-es\/#primaryimage\"},\"image\":{\"@id\":\"https:\/\/www.infofeina.com\/blog\/es\/2023\/04\/13\/salario-emocional-que-es\/#primaryimage\"},\"thumbnailUrl\":\"https:\/\/www.infofeina.com\/blog\/wp-content\/uploads\/2017\/11\/Fotolia_145760735_S.jpg\",\"datePublished\":\"2023-04-13T08:16:31+00:00\",\"dateModified\":\"2023-04-14T08:31:03+00:00\",\"description\":\"El salario emocional ha entrado en el mundo laboral ya que el trabajador no busca s\u00f3lo unos criterios de salario y puramente econ\u00f3micos.\",\"breadcrumb\":{\"@id\":\"https:\/\/www.infofeina.com\/blog\/es\/2023\/04\/13\/salario-emocional-que-es\/#breadcrumb\"},\"inLanguage\":\"es\",\"potentialAction\":[{\"@type\":\"ReadAction\",\"target\":[\"https:\/\/www.infofeina.com\/blog\/es\/2023\/04\/13\/salario-emocional-que-es\/\"]}]},{\"@type\":\"ImageObject\",\"inLanguage\":\"es\",\"@id\":\"https:\/\/www.infofeina.com\/blog\/es\/2023\/04\/13\/salario-emocional-que-es\/#primaryimage\",\"url\":\"https:\/\/www.infofeina.com\/blog\/wp-content\/uploads\/2017\/11\/Fotolia_145760735_S.jpg\",\"contentUrl\":\"https:\/\/www.infofeina.com\/blog\/wp-content\/uploads\/2017\/11\/Fotolia_145760735_S.jpg\",\"width\":848,\"height\":566,\"caption\":\"Compa\u00f1eros disfrutando del tiempo libre en la sala de descanso\"},{\"@type\":\"BreadcrumbList\",\"@id\":\"https:\/\/www.infofeina.com\/blog\/es\/2023\/04\/13\/salario-emocional-que-es\/#breadcrumb\",\"itemListElement\":[{\"@type\":\"ListItem\",\"position\":1,\"name\":\"Portada\",\"item\":\"https:\/\/www.infofeina.com\/blog\/es\/\"},{\"@type\":\"ListItem\",\"position\":2,\"name\":\"\u00bfQu\u00e9 es el salario emocional y por qu\u00e9 es importante?\"}]},{\"@type\":\"WebSite\",\"@id\":\"https:\/\/www.infofeina.com\/blog\/#website\",\"url\":\"https:\/\/www.infofeina.com\/blog\/\",\"name\":\"Blog Infofeina\",\"description\":\"\",\"publisher\":{\"@id\":\"https:\/\/www.infofeina.com\/blog\/#organization\"},\"potentialAction\":[{\"@type\":\"SearchAction\",\"target\":{\"@type\":\"EntryPoint\",\"urlTemplate\":\"https:\/\/www.infofeina.com\/blog\/?s={search_term_string}\"},\"query-input\":\"required name=search_term_string\"}],\"inLanguage\":\"es\"},{\"@type\":\"Organization\",\"@id\":\"https:\/\/www.infofeina.com\/blog\/#organization\",\"name\":\"Infofeina\",\"url\":\"https:\/\/www.infofeina.com\/blog\/\",\"logo\":{\"@type\":\"ImageObject\",\"inLanguage\":\"es\",\"@id\":\"https:\/\/www.infofeina.com\/blog\/#\/schema\/logo\/image\/\",\"url\":\"https:\/\/www.infofeina.com\/blog\/wp-content\/uploads\/2016\/07\/logo-infofeina-cabecera.png\",\"contentUrl\":\"https:\/\/www.infofeina.com\/blog\/wp-content\/uploads\/2016\/07\/logo-infofeina-cabecera.png\",\"width\":209,\"height\":75,\"caption\":\"Infofeina\"},\"image\":{\"@id\":\"https:\/\/www.infofeina.com\/blog\/#\/schema\/logo\/image\/\"}},{\"@type\":\"Person\",\"@id\":\"https:\/\/www.infofeina.com\/blog\/#\/schema\/person\/ee3f5bf3fcba9df54baef3ff88436462\",\"name\":\"admin\",\"image\":{\"@type\":\"ImageObject\",\"inLanguage\":\"es\",\"@id\":\"https:\/\/www.infofeina.com\/blog\/#\/schema\/person\/image\/\",\"url\":\"https:\/\/secure.gravatar.com\/avatar\/e8ef99449f4105c2d4642a60b17696add33d2f4cf9ec4499f84d0eed1718efbd?s=96&d=mm&r=g\",\"contentUrl\":\"https:\/\/secure.gravatar.com\/avatar\/e8ef99449f4105c2d4642a60b17696add33d2f4cf9ec4499f84d0eed1718efbd?s=96&d=mm&r=g\",\"caption\":\"admin\"}}]}<\/script>\n<!-- \/ Yoast SEO plugin. -->","yoast_head_json":{"title":"\u00bfQu\u00e9 es el salario emocional y por qu\u00e9 es importante? - Blog Infofeina","description":"El salario emocional ha entrado en el mundo laboral ya que el trabajador no busca s\u00f3lo unos criterios de salario y puramente econ\u00f3micos.","robots":{"index":"index","follow":"follow","max-snippet":"max-snippet:-1","max-image-preview":"max-image-preview:large","max-video-preview":"max-video-preview:-1"},"canonical":"https:\/\/www.infofeina.com\/blog\/es\/2023\/04\/13\/salario-emocional-que-es\/","og_locale":"es_ES","og_type":"article","og_title":"\u00bfQu\u00e9 es el salario emocional y por qu\u00e9 es importante? - Blog Infofeina","og_description":"El salario emocional ha entrado en el mundo laboral ya que el trabajador no busca s\u00f3lo unos criterios de salario y puramente econ\u00f3micos.","og_url":"https:\/\/www.infofeina.com\/blog\/es\/2023\/04\/13\/salario-emocional-que-es\/","og_site_name":"Blog Infofeina","article_published_time":"2023-04-13T08:16:31+00:00","article_modified_time":"2023-04-14T08:31:03+00:00","og_image":[{"width":848,"height":566,"url":"https:\/\/www.infofeina.com\/blog\/wp-content\/uploads\/2017\/11\/Fotolia_145760735_S.jpg","type":"image\/jpeg"}],"author":"admin","twitter_card":"summary_large_image","twitter_misc":{"Escrito por":"admin","Tiempo de lectura":"5 minutos"},"schema":{"@context":"https:\/\/schema.org","@graph":[{"@type":"Article","@id":"https:\/\/www.infofeina.com\/blog\/es\/2023\/04\/13\/salario-emocional-que-es\/#article","isPartOf":{"@id":"https:\/\/www.infofeina.com\/blog\/es\/2023\/04\/13\/salario-emocional-que-es\/"},"author":{"name":"admin","@id":"https:\/\/www.infofeina.com\/blog\/#\/schema\/person\/ee3f5bf3fcba9df54baef3ff88436462"},"headline":"\u00bfQu\u00e9 es el salario emocional y por qu\u00e9 es importante?","datePublished":"2023-04-13T08:16:31+00:00","dateModified":"2023-04-14T08:31:03+00:00","mainEntityOfPage":{"@id":"https:\/\/www.infofeina.com\/blog\/es\/2023\/04\/13\/salario-emocional-que-es\/"},"wordCount":1007,"commentCount":0,"publisher":{"@id":"https:\/\/www.infofeina.com\/blog\/#organization"},"image":{"@id":"https:\/\/www.infofeina.com\/blog\/es\/2023\/04\/13\/salario-emocional-que-es\/#primaryimage"},"thumbnailUrl":"https:\/\/www.infofeina.com\/blog\/wp-content\/uploads\/2017\/11\/Fotolia_145760735_S.jpg","articleSection":["Selecci\u00f3n de candidatos"],"inLanguage":"es","potentialAction":[{"@type":"CommentAction","name":"Comment","target":["https:\/\/www.infofeina.com\/blog\/es\/2023\/04\/13\/salario-emocional-que-es\/#respond"]}]},{"@type":"WebPage","@id":"https:\/\/www.infofeina.com\/blog\/es\/2023\/04\/13\/salario-emocional-que-es\/","url":"https:\/\/www.infofeina.com\/blog\/es\/2023\/04\/13\/salario-emocional-que-es\/","name":"\u00bfQu\u00e9 es el salario emocional y por qu\u00e9 es importante? - Blog Infofeina","isPartOf":{"@id":"https:\/\/www.infofeina.com\/blog\/#website"},"primaryImageOfPage":{"@id":"https:\/\/www.infofeina.com\/blog\/es\/2023\/04\/13\/salario-emocional-que-es\/#primaryimage"},"image":{"@id":"https:\/\/www.infofeina.com\/blog\/es\/2023\/04\/13\/salario-emocional-que-es\/#primaryimage"},"thumbnailUrl":"https:\/\/www.infofeina.com\/blog\/wp-content\/uploads\/2017\/11\/Fotolia_145760735_S.jpg","datePublished":"2023-04-13T08:16:31+00:00","dateModified":"2023-04-14T08:31:03+00:00","description":"El salario emocional ha entrado en el mundo laboral ya que el trabajador no busca s\u00f3lo unos criterios de salario y puramente econ\u00f3micos.","breadcrumb":{"@id":"https:\/\/www.infofeina.com\/blog\/es\/2023\/04\/13\/salario-emocional-que-es\/#breadcrumb"},"inLanguage":"es","potentialAction":[{"@type":"ReadAction","target":["https:\/\/www.infofeina.com\/blog\/es\/2023\/04\/13\/salario-emocional-que-es\/"]}]},{"@type":"ImageObject","inLanguage":"es","@id":"https:\/\/www.infofeina.com\/blog\/es\/2023\/04\/13\/salario-emocional-que-es\/#primaryimage","url":"https:\/\/www.infofeina.com\/blog\/wp-content\/uploads\/2017\/11\/Fotolia_145760735_S.jpg","contentUrl":"https:\/\/www.infofeina.com\/blog\/wp-content\/uploads\/2017\/11\/Fotolia_145760735_S.jpg","width":848,"height":566,"caption":"Compa\u00f1eros disfrutando del tiempo libre en la sala de descanso"},{"@type":"BreadcrumbList","@id":"https:\/\/www.infofeina.com\/blog\/es\/2023\/04\/13\/salario-emocional-que-es\/#breadcrumb","itemListElement":[{"@type":"ListItem","position":1,"name":"Portada","item":"https:\/\/www.infofeina.com\/blog\/es\/"},{"@type":"ListItem","position":2,"name":"\u00bfQu\u00e9 es el salario emocional y por qu\u00e9 es importante?"}]},{"@type":"WebSite","@id":"https:\/\/www.infofeina.com\/blog\/#website","url":"https:\/\/www.infofeina.com\/blog\/","name":"Blog Infofeina","description":"","publisher":{"@id":"https:\/\/www.infofeina.com\/blog\/#organization"},"potentialAction":[{"@type":"SearchAction","target":{"@type":"EntryPoint","urlTemplate":"https:\/\/www.infofeina.com\/blog\/?s={search_term_string}"},"query-input":"required name=search_term_string"}],"inLanguage":"es"},{"@type":"Organization","@id":"https:\/\/www.infofeina.com\/blog\/#organization","name":"Infofeina","url":"https:\/\/www.infofeina.com\/blog\/","logo":{"@type":"ImageObject","inLanguage":"es","@id":"https:\/\/www.infofeina.com\/blog\/#\/schema\/logo\/image\/","url":"https:\/\/www.infofeina.com\/blog\/wp-content\/uploads\/2016\/07\/logo-infofeina-cabecera.png","contentUrl":"https:\/\/www.infofeina.com\/blog\/wp-content\/uploads\/2016\/07\/logo-infofeina-cabecera.png","width":209,"height":75,"caption":"Infofeina"},"image":{"@id":"https:\/\/www.infofeina.com\/blog\/#\/schema\/logo\/image\/"}},{"@type":"Person","@id":"https:\/\/www.infofeina.com\/blog\/#\/schema\/person\/ee3f5bf3fcba9df54baef3ff88436462","name":"admin","image":{"@type":"ImageObject","inLanguage":"es","@id":"https:\/\/www.infofeina.com\/blog\/#\/schema\/person\/image\/","url":"https:\/\/secure.gravatar.com\/avatar\/e8ef99449f4105c2d4642a60b17696add33d2f4cf9ec4499f84d0eed1718efbd?s=96&d=mm&r=g","contentUrl":"https:\/\/secure.gravatar.com\/avatar\/e8ef99449f4105c2d4642a60b17696add33d2f4cf9ec4499f84d0eed1718efbd?s=96&d=mm&r=g","caption":"admin"}}]}},"_links":{"self":[{"href":"https:\/\/www.infofeina.com\/blog\/wp-json\/wp\/v2\/posts\/288","targetHints":{"allow":["GET"]}}],"collection":[{"href":"https:\/\/www.infofeina.com\/blog\/wp-json\/wp\/v2\/posts"}],"about":[{"href":"https:\/\/www.infofeina.com\/blog\/wp-json\/wp\/v2\/types\/post"}],"author":[{"embeddable":true,"href":"https:\/\/www.infofeina.com\/blog\/wp-json\/wp\/v2\/users\/1"}],"replies":[{"embeddable":true,"href":"https:\/\/www.infofeina.com\/blog\/wp-json\/wp\/v2\/comments?post=288"}],"version-history":[{"count":4,"href":"https:\/\/www.infofeina.com\/blog\/wp-json\/wp\/v2\/posts\/288\/revisions"}],"predecessor-version":[{"id":674,"href":"https:\/\/www.infofeina.com\/blog\/wp-json\/wp\/v2\/posts\/288\/revisions\/674"}],"wp:featuredmedia":[{"embeddable":true,"href":"https:\/\/www.infofeina.com\/blog\/wp-json\/wp\/v2\/media\/289"}],"wp:attachment":[{"href":"https:\/\/www.infofeina.com\/blog\/wp-json\/wp\/v2\/media?parent=288"}],"wp:term":[{"taxonomy":"category","embeddable":true,"href":"https:\/\/www.infofeina.com\/blog\/wp-json\/wp\/v2\/categories?post=288"},{"taxonomy":"post_tag","embeddable":true,"href":"https:\/\/www.infofeina.com\/blog\/wp-json\/wp\/v2\/tags?post=288"}],"curies":[{"name":"wp","href":"https:\/\/api.w.org\/{rel}","templated":true}]}}