{"id":660,"date":"2023-03-30T11:13:24","date_gmt":"2023-03-30T11:13:24","guid":{"rendered":"https:\/\/www.infofeina.com\/blog\/?p=660"},"modified":"2023-03-30T11:34:47","modified_gmt":"2023-03-30T11:34:47","slug":"les-preguntes-mes-frequents-en-una-entrevista-de-feina","status":"publish","type":"post","link":"https:\/\/www.infofeina.com\/blog\/ca\/2023\/03\/30\/les-preguntes-mes-frequents-en-una-entrevista-de-feina\/","title":{"rendered":"Les 5 preguntes m\u00e9s freq\u00fcents en una entrevista de feina"},"content":{"rendered":"<p><span style=\"font-weight: 400;\">Cada entrevista laboral \u00e9s diferent, per\u00f2 hi ha <\/span><b>5 preguntes en entrevistes de treball <\/b><span style=\"font-weight: 400;\">molt freq\u00fcents. Aquestes es fan als candidats per trobar el perfil que millor encaixi en un lloc laboral, que disposi les compet\u00e8ncies necess\u00e0ries i la capacitat d\u2019adaptar-se adequadament al ritme de treball requerit.\u00a0 Per aix\u00f2, con\u00e8ixer b\u00e9 quines preguntes es fan i com respondre, \u00e9s primordial en un proc\u00e9s de selecci\u00f3 de personal.<\/span><\/p>\n<h2>Quin \u00e9s l&#8217;objectiu de les preguntes en una entrevista de feina?<\/h2>\n<p>El treball principal d&#8217;un reclutador \u00e9s que, a trav\u00e9s de les preguntes en una entrevista de feina, pugui con\u00e8ixer la personalitat del candidat, qu\u00e8 pot aportar a l&#8217;empresa, quina \u00e9s la seva projecci\u00f3 en el futur, quina motivaci\u00f3 personal t\u00e9, quines s\u00f3n les seves expectatives salarials, a m\u00e9s de con\u00e8ixer les seves habilitats laborals. Aquestes s\u00f3n algunes de les claus per trobar el perfil que encaixa millor amb la vacant.<\/p>\n<p>Realitzar les preguntes adequades en una entrevista de treball \u00e9s de vital import\u00e0ncia per trobar el millor candidat. Per aix\u00f2, els reclutadors han de seleccionar amb molta cura i precisi\u00f3 les preguntes d&#8217;una entrevista de treball per obtenir la informaci\u00f3 m\u00e9s adequada per trobar el candidat ideal.<\/p>\n<p>Pel que fa als candidats, sempre es recomana que vagin a les entrevistes preparats per endavant per respondre adequadament a les preguntes i no quedar-se \u00aben blanc\u00bb, perjudicant aix\u00ed la seva candidatura al lloc laboral.<\/p>\n<h2>Quines preguntes fer en una entrevista de feina?<\/h2>\n<p>L&#8217;entrevista de treball permet establir un primer contacte amb el candidat, i visualitzar si \u00e9s el que s&#8217;est\u00e0 buscant per a un lloc laboral i quin podria ser el futur a l&#8217;empresa. Algunes de les preguntes que es fan en una entrevista s\u00f3n les seg\u00fcents:<\/p>\n<ul>\n<li>Qu\u00e8 podries explicar sobre tu?<\/li>\n<\/ul>\n<p>Amb aquesta pregunta es tendeix a trencar el gel i pautar el ritme de l&#8217;entrevista de treball. D&#8217;aquesta manera, es pot con\u00e8ixer de primera m\u00e0 com es descriu a si mateix el candidat. A m\u00e9s que, a partir d&#8217;aquesta pregunta, l&#8217;entrevistador es pot emportar la primera impressi\u00f3 del candidat, sent aquesta favorable o desfavorable.<\/p>\n<ul>\n<li>En general, se sol respondre amb una breu descripci\u00f3 personal a m\u00e9s de destacar la traject\u00f2ria laboral i professional del candidat, sent molt positiu parlar sobre els \u00e8xits i els projectes personals.<\/li>\n<\/ul>\n<p>Quines s\u00f3n les teves metes personals?<br \/>\nAquesta pregunta es fa perqu\u00e8 el candidat expliqui els seus objectius personals a curt, mitj\u00e0 i llarg termini, i en destaquen les habilitats personals per complir els objectius. A m\u00e9s, permet a l&#8217;entrevistador con\u00e8ixer l&#8217;ambici\u00f3 personal del candidat i si encaixa amb la filosofia de l&#8217;empresa.<\/p>\n<ul>\n<li>Quines fortaleses i debilitats destacaries?<\/li>\n<\/ul>\n<p>Aquesta pregunta t\u00e9 la intenci\u00f3 d&#8217;exposar l&#8217;autoconeixement del candidat. \u00c9s a dir, con\u00e8ixer les habilitats en qu\u00e8 es desenvolupa millor i desvetllar aquelles altres en qu\u00e8 no i com pot treballar-les per millorar-les. Sent tasca del reclutador observar si aquestes qualitats s\u00f3n les que es busquen a l&#8217;oferta laboral.<\/p>\n<ul>\n<li>Per qu\u00e8 vols treballar amb nosaltres?<\/li>\n<\/ul>\n<p>A trav\u00e9s d&#8217;aquesta pregunta es coneix la motivaci\u00f3 principal per la qual el candidat s&#8217;ha presentat a la vacant. Es valora positivament que el candidat conegui b\u00e9 els productes i els serveis de l&#8217;empresa i mostrar si disposa de les habilitats requerides per al lloc de treball.<br \/>\nAquesta pregunta \u00e9s ideal perqu\u00e8 el candidat es destaqui sobre la resta, desvetllant qu\u00e8 \u00e9s all\u00f2 que el diferencia de la resta, qu\u00e8 pot aportar l&#8217;empresa. Ja es tracti de les seves habilitats personals, la personalitat i el car\u00e0cter, l\u2019experi\u00e8ncia laboral, etc.<\/p>\n<ul>\n<li>Quines s\u00f3n les teves expectatives salarials?<\/li>\n<\/ul>\n<p>\u00c9s important fer aquesta pregunta en una entrevista laboral per con\u00e8ixer el valor amb qu\u00e8 s&#8217;identifica el candidat al mercat laboral i si les seves habilitats i experi\u00e8ncia encaixen en el rang salarial del lloc laboral.<\/p>\n<h2>La import\u00e0ncia de les preguntes en una entrevista de feina<\/h2>\n<p>Una entrevista de treball permet disposar del lloc i l\u2019espai adequat per dialogar i exposar les necessitats de totes dues parts. \u00c9s una excel\u00b7lent oportunitat pel candidat per destacar-se sobre els altres i pel reclutador de trobar el perfil que millor encaixi amb la vacant laboral.<\/p>\n<p>Infofeina \u00e9s el portal d&#8217;ocupaci\u00f3 de confian\u00e7a, tant per a reclutadors com per a candidats, per fer aquest primer contacte abans d&#8217;una entrevista laboral i tenir un seguiment de tot el proc\u00e9s de selecci\u00f3 de personal. Es tracta d&#8217;un portal d&#8217;ocupaci\u00f3 que disposa d&#8217;actualitzacions laborals di\u00e0ries i amb gran abast de perfils. No dubtis a <a href=\"https:\/\/www.infofeina.com\/empresa\/iniciar-sessio\">crear el teu perfil<\/a> ara per a comen\u00e7ar a buscar el teu candidat o feina ideal.<\/p>\n<p>Tamb\u00e9 et recomanem donar una ullada al nostre anterior post <a href=\"https:\/\/www.infofeina.com\/blog\/es\/2023\/02\/28\/como-se-realiza-una-entrevista-grupal\/\">Com es realitza una entrevista grupal?<\/a><\/p>\n","protected":false},"excerpt":{"rendered":"<p>Cada entrevista laboral \u00e9s diferent, per\u00f2 hi ha 5 preguntes en entrevistes de treball molt freq\u00fcents. Aquestes es fan als candidats per trobar el perfil que millor encaixi en un lloc laboral, que disposi les compet\u00e8ncies necess\u00e0ries i la capacitat d\u2019adaptar-se adequadament al ritme de treball requerit.\u00a0 Per aix\u00f2, con\u00e8ixer b\u00e9 quines preguntes es fan [&hellip;]<\/p>\n","protected":false},"author":1,"featured_media":661,"comment_status":"open","ping_status":"open","sticky":false,"template":"","format":"standard","meta":{"_et_pb_use_builder":"","_et_pb_old_content":"","_et_gb_content_width":"","footnotes":""},"categories":[34],"tags":[],"class_list":["post-660","post","type-post","status-publish","format-standard","has-post-thumbnail","hentry","category-entrevista-de-treball"],"yoast_head":"<!-- This site is optimized with the Yoast SEO plugin v23.1 - https:\/\/yoast.com\/wordpress\/plugins\/seo\/ -->\n<title>Les 5 preguntes m\u00e9s freq\u00fcents en una entrevista de feina - Blog Infofeina<\/title>\n<meta name=\"description\" content=\"Hi ha 5 preguntes en entrevistes de treball molt freq\u00fcents que es fan als candidats per trobar el que millor encaixi en un lloc laboral.\" \/>\n<meta name=\"robots\" content=\"index, follow, max-snippet:-1, max-image-preview:large, max-video-preview:-1\" \/>\n<link rel=\"canonical\" href=\"https:\/\/www.infofeina.com\/blog\/ca\/2023\/03\/30\/les-preguntes-mes-frequents-en-una-entrevista-de-feina\/\" \/>\n<meta property=\"og:locale\" content=\"es_ES\" \/>\n<meta property=\"og:type\" content=\"article\" \/>\n<meta property=\"og:title\" content=\"Les 5 preguntes m\u00e9s freq\u00fcents en una entrevista de feina - Blog Infofeina\" \/>\n<meta property=\"og:description\" content=\"Hi ha 5 preguntes en entrevistes de treball molt freq\u00fcents que es fan als candidats per trobar el que millor encaixi en un lloc laboral.\" \/>\n<meta property=\"og:url\" content=\"https:\/\/www.infofeina.com\/blog\/ca\/2023\/03\/30\/les-preguntes-mes-frequents-en-una-entrevista-de-feina\/\" \/>\n<meta property=\"og:site_name\" content=\"Blog Infofeina\" \/>\n<meta property=\"article:published_time\" content=\"2023-03-30T11:13:24+00:00\" \/>\n<meta property=\"article:modified_time\" content=\"2023-03-30T11:34:47+00:00\" \/>\n<meta property=\"og:image\" content=\"https:\/\/www.infofeina.com\/blog\/wp-content\/uploads\/2023\/03\/Les-preguntes-mes-frequents-en-una-entrevista-de-feina.jpg\" \/>\n\t<meta property=\"og:image:width\" content=\"1080\" \/>\n\t<meta property=\"og:image:height\" content=\"675\" \/>\n\t<meta property=\"og:image:type\" content=\"image\/jpeg\" \/>\n<meta name=\"author\" content=\"admin\" \/>\n<meta name=\"twitter:card\" content=\"summary_large_image\" \/>\n<meta name=\"twitter:label1\" content=\"Escrito por\" \/>\n\t<meta name=\"twitter:data1\" content=\"admin\" \/>\n\t<meta name=\"twitter:label2\" content=\"Tiempo de lectura\" \/>\n\t<meta name=\"twitter:data2\" content=\"4 minutos\" \/>\n<script type=\"application\/ld+json\" class=\"yoast-schema-graph\">{\"@context\":\"https:\/\/schema.org\",\"@graph\":[{\"@type\":\"Article\",\"@id\":\"https:\/\/www.infofeina.com\/blog\/ca\/2023\/03\/30\/les-preguntes-mes-frequents-en-una-entrevista-de-feina\/#article\",\"isPartOf\":{\"@id\":\"https:\/\/www.infofeina.com\/blog\/ca\/2023\/03\/30\/les-preguntes-mes-frequents-en-una-entrevista-de-feina\/\"},\"author\":{\"name\":\"admin\",\"@id\":\"https:\/\/www.infofeina.com\/blog\/#\/schema\/person\/ee3f5bf3fcba9df54baef3ff88436462\"},\"headline\":\"Les 5 preguntes m\u00e9s freq\u00fcents en una entrevista de feina\",\"datePublished\":\"2023-03-30T11:13:24+00:00\",\"dateModified\":\"2023-03-30T11:34:47+00:00\",\"mainEntityOfPage\":{\"@id\":\"https:\/\/www.infofeina.com\/blog\/ca\/2023\/03\/30\/les-preguntes-mes-frequents-en-una-entrevista-de-feina\/\"},\"wordCount\":809,\"commentCount\":0,\"publisher\":{\"@id\":\"https:\/\/www.infofeina.com\/blog\/#organization\"},\"image\":{\"@id\":\"https:\/\/www.infofeina.com\/blog\/ca\/2023\/03\/30\/les-preguntes-mes-frequents-en-una-entrevista-de-feina\/#primaryimage\"},\"thumbnailUrl\":\"https:\/\/www.infofeina.com\/blog\/wp-content\/uploads\/2023\/03\/Les-preguntes-mes-frequents-en-una-entrevista-de-feina.jpg\",\"articleSection\":[\"Entrevista de treball\"],\"inLanguage\":\"es\",\"potentialAction\":[{\"@type\":\"CommentAction\",\"name\":\"Comment\",\"target\":[\"https:\/\/www.infofeina.com\/blog\/ca\/2023\/03\/30\/les-preguntes-mes-frequents-en-una-entrevista-de-feina\/#respond\"]}]},{\"@type\":\"WebPage\",\"@id\":\"https:\/\/www.infofeina.com\/blog\/ca\/2023\/03\/30\/les-preguntes-mes-frequents-en-una-entrevista-de-feina\/\",\"url\":\"https:\/\/www.infofeina.com\/blog\/ca\/2023\/03\/30\/les-preguntes-mes-frequents-en-una-entrevista-de-feina\/\",\"name\":\"Les 5 preguntes m\u00e9s freq\u00fcents en una entrevista de feina - Blog Infofeina\",\"isPartOf\":{\"@id\":\"https:\/\/www.infofeina.com\/blog\/#website\"},\"primaryImageOfPage\":{\"@id\":\"https:\/\/www.infofeina.com\/blog\/ca\/2023\/03\/30\/les-preguntes-mes-frequents-en-una-entrevista-de-feina\/#primaryimage\"},\"image\":{\"@id\":\"https:\/\/www.infofeina.com\/blog\/ca\/2023\/03\/30\/les-preguntes-mes-frequents-en-una-entrevista-de-feina\/#primaryimage\"},\"thumbnailUrl\":\"https:\/\/www.infofeina.com\/blog\/wp-content\/uploads\/2023\/03\/Les-preguntes-mes-frequents-en-una-entrevista-de-feina.jpg\",\"datePublished\":\"2023-03-30T11:13:24+00:00\",\"dateModified\":\"2023-03-30T11:34:47+00:00\",\"description\":\"Hi ha 5 preguntes en entrevistes de treball molt freq\u00fcents que es fan als candidats per trobar el que millor encaixi en un lloc laboral.\",\"breadcrumb\":{\"@id\":\"https:\/\/www.infofeina.com\/blog\/ca\/2023\/03\/30\/les-preguntes-mes-frequents-en-una-entrevista-de-feina\/#breadcrumb\"},\"inLanguage\":\"es\",\"potentialAction\":[{\"@type\":\"ReadAction\",\"target\":[\"https:\/\/www.infofeina.com\/blog\/ca\/2023\/03\/30\/les-preguntes-mes-frequents-en-una-entrevista-de-feina\/\"]}]},{\"@type\":\"ImageObject\",\"inLanguage\":\"es\",\"@id\":\"https:\/\/www.infofeina.com\/blog\/ca\/2023\/03\/30\/les-preguntes-mes-frequents-en-una-entrevista-de-feina\/#primaryimage\",\"url\":\"https:\/\/www.infofeina.com\/blog\/wp-content\/uploads\/2023\/03\/Les-preguntes-mes-frequents-en-una-entrevista-de-feina.jpg\",\"contentUrl\":\"https:\/\/www.infofeina.com\/blog\/wp-content\/uploads\/2023\/03\/Les-preguntes-mes-frequents-en-una-entrevista-de-feina.jpg\",\"width\":1080,\"height\":675,\"caption\":\"las preguntas m\u00e1s frecuentes en una entrevista de trabajo\"},{\"@type\":\"BreadcrumbList\",\"@id\":\"https:\/\/www.infofeina.com\/blog\/ca\/2023\/03\/30\/les-preguntes-mes-frequents-en-una-entrevista-de-feina\/#breadcrumb\",\"itemListElement\":[{\"@type\":\"ListItem\",\"position\":1,\"name\":\"Portada\",\"item\":\"https:\/\/www.infofeina.com\/blog\/es\/\"},{\"@type\":\"ListItem\",\"position\":2,\"name\":\"Les 5 preguntes m\u00e9s freq\u00fcents en una entrevista de feina\"}]},{\"@type\":\"WebSite\",\"@id\":\"https:\/\/www.infofeina.com\/blog\/#website\",\"url\":\"https:\/\/www.infofeina.com\/blog\/\",\"name\":\"Blog Infofeina\",\"description\":\"\",\"publisher\":{\"@id\":\"https:\/\/www.infofeina.com\/blog\/#organization\"},\"potentialAction\":[{\"@type\":\"SearchAction\",\"target\":{\"@type\":\"EntryPoint\",\"urlTemplate\":\"https:\/\/www.infofeina.com\/blog\/?s={search_term_string}\"},\"query-input\":\"required name=search_term_string\"}],\"inLanguage\":\"es\"},{\"@type\":\"Organization\",\"@id\":\"https:\/\/www.infofeina.com\/blog\/#organization\",\"name\":\"Infofeina\",\"url\":\"https:\/\/www.infofeina.com\/blog\/\",\"logo\":{\"@type\":\"ImageObject\",\"inLanguage\":\"es\",\"@id\":\"https:\/\/www.infofeina.com\/blog\/#\/schema\/logo\/image\/\",\"url\":\"https:\/\/www.infofeina.com\/blog\/wp-content\/uploads\/2016\/07\/logo-infofeina-cabecera.png\",\"contentUrl\":\"https:\/\/www.infofeina.com\/blog\/wp-content\/uploads\/2016\/07\/logo-infofeina-cabecera.png\",\"width\":209,\"height\":75,\"caption\":\"Infofeina\"},\"image\":{\"@id\":\"https:\/\/www.infofeina.com\/blog\/#\/schema\/logo\/image\/\"}},{\"@type\":\"Person\",\"@id\":\"https:\/\/www.infofeina.com\/blog\/#\/schema\/person\/ee3f5bf3fcba9df54baef3ff88436462\",\"name\":\"admin\",\"image\":{\"@type\":\"ImageObject\",\"inLanguage\":\"es\",\"@id\":\"https:\/\/www.infofeina.com\/blog\/#\/schema\/person\/image\/\",\"url\":\"https:\/\/secure.gravatar.com\/avatar\/e8ef99449f4105c2d4642a60b17696add33d2f4cf9ec4499f84d0eed1718efbd?s=96&d=mm&r=g\",\"contentUrl\":\"https:\/\/secure.gravatar.com\/avatar\/e8ef99449f4105c2d4642a60b17696add33d2f4cf9ec4499f84d0eed1718efbd?s=96&d=mm&r=g\",\"caption\":\"admin\"}}]}<\/script>\n<!-- \/ Yoast SEO plugin. -->","yoast_head_json":{"title":"Les 5 preguntes m\u00e9s freq\u00fcents en una entrevista de feina - Blog Infofeina","description":"Hi ha 5 preguntes en entrevistes de treball molt freq\u00fcents que es fan als candidats per trobar el que millor encaixi en un lloc laboral.","robots":{"index":"index","follow":"follow","max-snippet":"max-snippet:-1","max-image-preview":"max-image-preview:large","max-video-preview":"max-video-preview:-1"},"canonical":"https:\/\/www.infofeina.com\/blog\/ca\/2023\/03\/30\/les-preguntes-mes-frequents-en-una-entrevista-de-feina\/","og_locale":"es_ES","og_type":"article","og_title":"Les 5 preguntes m\u00e9s freq\u00fcents en una entrevista de feina - Blog Infofeina","og_description":"Hi ha 5 preguntes en entrevistes de treball molt freq\u00fcents que es fan als candidats per trobar el que millor encaixi en un lloc laboral.","og_url":"https:\/\/www.infofeina.com\/blog\/ca\/2023\/03\/30\/les-preguntes-mes-frequents-en-una-entrevista-de-feina\/","og_site_name":"Blog Infofeina","article_published_time":"2023-03-30T11:13:24+00:00","article_modified_time":"2023-03-30T11:34:47+00:00","og_image":[{"width":1080,"height":675,"url":"https:\/\/www.infofeina.com\/blog\/wp-content\/uploads\/2023\/03\/Les-preguntes-mes-frequents-en-una-entrevista-de-feina.jpg","type":"image\/jpeg"}],"author":"admin","twitter_card":"summary_large_image","twitter_misc":{"Escrito por":"admin","Tiempo de lectura":"4 minutos"},"schema":{"@context":"https:\/\/schema.org","@graph":[{"@type":"Article","@id":"https:\/\/www.infofeina.com\/blog\/ca\/2023\/03\/30\/les-preguntes-mes-frequents-en-una-entrevista-de-feina\/#article","isPartOf":{"@id":"https:\/\/www.infofeina.com\/blog\/ca\/2023\/03\/30\/les-preguntes-mes-frequents-en-una-entrevista-de-feina\/"},"author":{"name":"admin","@id":"https:\/\/www.infofeina.com\/blog\/#\/schema\/person\/ee3f5bf3fcba9df54baef3ff88436462"},"headline":"Les 5 preguntes m\u00e9s freq\u00fcents en una entrevista de feina","datePublished":"2023-03-30T11:13:24+00:00","dateModified":"2023-03-30T11:34:47+00:00","mainEntityOfPage":{"@id":"https:\/\/www.infofeina.com\/blog\/ca\/2023\/03\/30\/les-preguntes-mes-frequents-en-una-entrevista-de-feina\/"},"wordCount":809,"commentCount":0,"publisher":{"@id":"https:\/\/www.infofeina.com\/blog\/#organization"},"image":{"@id":"https:\/\/www.infofeina.com\/blog\/ca\/2023\/03\/30\/les-preguntes-mes-frequents-en-una-entrevista-de-feina\/#primaryimage"},"thumbnailUrl":"https:\/\/www.infofeina.com\/blog\/wp-content\/uploads\/2023\/03\/Les-preguntes-mes-frequents-en-una-entrevista-de-feina.jpg","articleSection":["Entrevista de treball"],"inLanguage":"es","potentialAction":[{"@type":"CommentAction","name":"Comment","target":["https:\/\/www.infofeina.com\/blog\/ca\/2023\/03\/30\/les-preguntes-mes-frequents-en-una-entrevista-de-feina\/#respond"]}]},{"@type":"WebPage","@id":"https:\/\/www.infofeina.com\/blog\/ca\/2023\/03\/30\/les-preguntes-mes-frequents-en-una-entrevista-de-feina\/","url":"https:\/\/www.infofeina.com\/blog\/ca\/2023\/03\/30\/les-preguntes-mes-frequents-en-una-entrevista-de-feina\/","name":"Les 5 preguntes m\u00e9s freq\u00fcents en una entrevista de feina - Blog Infofeina","isPartOf":{"@id":"https:\/\/www.infofeina.com\/blog\/#website"},"primaryImageOfPage":{"@id":"https:\/\/www.infofeina.com\/blog\/ca\/2023\/03\/30\/les-preguntes-mes-frequents-en-una-entrevista-de-feina\/#primaryimage"},"image":{"@id":"https:\/\/www.infofeina.com\/blog\/ca\/2023\/03\/30\/les-preguntes-mes-frequents-en-una-entrevista-de-feina\/#primaryimage"},"thumbnailUrl":"https:\/\/www.infofeina.com\/blog\/wp-content\/uploads\/2023\/03\/Les-preguntes-mes-frequents-en-una-entrevista-de-feina.jpg","datePublished":"2023-03-30T11:13:24+00:00","dateModified":"2023-03-30T11:34:47+00:00","description":"Hi ha 5 preguntes en entrevistes de treball molt freq\u00fcents que es fan als candidats per trobar el que millor encaixi en un lloc laboral.","breadcrumb":{"@id":"https:\/\/www.infofeina.com\/blog\/ca\/2023\/03\/30\/les-preguntes-mes-frequents-en-una-entrevista-de-feina\/#breadcrumb"},"inLanguage":"es","potentialAction":[{"@type":"ReadAction","target":["https:\/\/www.infofeina.com\/blog\/ca\/2023\/03\/30\/les-preguntes-mes-frequents-en-una-entrevista-de-feina\/"]}]},{"@type":"ImageObject","inLanguage":"es","@id":"https:\/\/www.infofeina.com\/blog\/ca\/2023\/03\/30\/les-preguntes-mes-frequents-en-una-entrevista-de-feina\/#primaryimage","url":"https:\/\/www.infofeina.com\/blog\/wp-content\/uploads\/2023\/03\/Les-preguntes-mes-frequents-en-una-entrevista-de-feina.jpg","contentUrl":"https:\/\/www.infofeina.com\/blog\/wp-content\/uploads\/2023\/03\/Les-preguntes-mes-frequents-en-una-entrevista-de-feina.jpg","width":1080,"height":675,"caption":"las preguntas m\u00e1s frecuentes en una entrevista de trabajo"},{"@type":"BreadcrumbList","@id":"https:\/\/www.infofeina.com\/blog\/ca\/2023\/03\/30\/les-preguntes-mes-frequents-en-una-entrevista-de-feina\/#breadcrumb","itemListElement":[{"@type":"ListItem","position":1,"name":"Portada","item":"https:\/\/www.infofeina.com\/blog\/es\/"},{"@type":"ListItem","position":2,"name":"Les 5 preguntes m\u00e9s freq\u00fcents en una entrevista de feina"}]},{"@type":"WebSite","@id":"https:\/\/www.infofeina.com\/blog\/#website","url":"https:\/\/www.infofeina.com\/blog\/","name":"Blog Infofeina","description":"","publisher":{"@id":"https:\/\/www.infofeina.com\/blog\/#organization"},"potentialAction":[{"@type":"SearchAction","target":{"@type":"EntryPoint","urlTemplate":"https:\/\/www.infofeina.com\/blog\/?s={search_term_string}"},"query-input":"required name=search_term_string"}],"inLanguage":"es"},{"@type":"Organization","@id":"https:\/\/www.infofeina.com\/blog\/#organization","name":"Infofeina","url":"https:\/\/www.infofeina.com\/blog\/","logo":{"@type":"ImageObject","inLanguage":"es","@id":"https:\/\/www.infofeina.com\/blog\/#\/schema\/logo\/image\/","url":"https:\/\/www.infofeina.com\/blog\/wp-content\/uploads\/2016\/07\/logo-infofeina-cabecera.png","contentUrl":"https:\/\/www.infofeina.com\/blog\/wp-content\/uploads\/2016\/07\/logo-infofeina-cabecera.png","width":209,"height":75,"caption":"Infofeina"},"image":{"@id":"https:\/\/www.infofeina.com\/blog\/#\/schema\/logo\/image\/"}},{"@type":"Person","@id":"https:\/\/www.infofeina.com\/blog\/#\/schema\/person\/ee3f5bf3fcba9df54baef3ff88436462","name":"admin","image":{"@type":"ImageObject","inLanguage":"es","@id":"https:\/\/www.infofeina.com\/blog\/#\/schema\/person\/image\/","url":"https:\/\/secure.gravatar.com\/avatar\/e8ef99449f4105c2d4642a60b17696add33d2f4cf9ec4499f84d0eed1718efbd?s=96&d=mm&r=g","contentUrl":"https:\/\/secure.gravatar.com\/avatar\/e8ef99449f4105c2d4642a60b17696add33d2f4cf9ec4499f84d0eed1718efbd?s=96&d=mm&r=g","caption":"admin"}}]}},"_links":{"self":[{"href":"https:\/\/www.infofeina.com\/blog\/wp-json\/wp\/v2\/posts\/660","targetHints":{"allow":["GET"]}}],"collection":[{"href":"https:\/\/www.infofeina.com\/blog\/wp-json\/wp\/v2\/posts"}],"about":[{"href":"https:\/\/www.infofeina.com\/blog\/wp-json\/wp\/v2\/types\/post"}],"author":[{"embeddable":true,"href":"https:\/\/www.infofeina.com\/blog\/wp-json\/wp\/v2\/users\/1"}],"replies":[{"embeddable":true,"href":"https:\/\/www.infofeina.com\/blog\/wp-json\/wp\/v2\/comments?post=660"}],"version-history":[{"count":3,"href":"https:\/\/www.infofeina.com\/blog\/wp-json\/wp\/v2\/posts\/660\/revisions"}],"predecessor-version":[{"id":669,"href":"https:\/\/www.infofeina.com\/blog\/wp-json\/wp\/v2\/posts\/660\/revisions\/669"}],"wp:featuredmedia":[{"embeddable":true,"href":"https:\/\/www.infofeina.com\/blog\/wp-json\/wp\/v2\/media\/661"}],"wp:attachment":[{"href":"https:\/\/www.infofeina.com\/blog\/wp-json\/wp\/v2\/media?parent=660"}],"wp:term":[{"taxonomy":"category","embeddable":true,"href":"https:\/\/www.infofeina.com\/blog\/wp-json\/wp\/v2\/categories?post=660"},{"taxonomy":"post_tag","embeddable":true,"href":"https:\/\/www.infofeina.com\/blog\/wp-json\/wp\/v2\/tags?post=660"}],"curies":[{"name":"wp","href":"https:\/\/api.w.org\/{rel}","templated":true}]}}