{"id":664,"date":"2023-03-30T11:33:14","date_gmt":"2023-03-30T11:33:14","guid":{"rendered":"https:\/\/www.infofeina.com\/blog\/?p=664"},"modified":"2023-03-30T11:34:09","modified_gmt":"2023-03-30T11:34:09","slug":"las-5-preguntas-frecuentes-en-una-entrevista-de-trabajo","status":"publish","type":"post","link":"https:\/\/www.infofeina.com\/blog\/es\/2023\/03\/30\/las-5-preguntas-frecuentes-en-una-entrevista-de-trabajo\/","title":{"rendered":"Las 5 preguntas m\u00e1s frecuentes en una entrevista de trabajo"},"content":{"rendered":"<p>Hay 5 <strong>preguntas m\u00e1s frecuentes en una entrevista de trabajo<\/strong> que se hacen a los candidatos para encontrar el que mejor encaje en un puesto laboral.<\/p>\n<p>Cada entrevista laboral es diferente, pero existen <strong>5 preguntas muy frecuentes en entrevistas de trabajo<\/strong> . \u00c9stas se hacen a los candidatos para encontrar el perfil que mejor encaje en un puesto laboral, que disponga las competencias necesarias y la capacidad de adaptarse adecuadamente al ritmo de trabajo requerido. Por eso, conocer bien qu\u00e9 preguntas se hacen y c\u00f3mo responder, es primordial en un proceso de selecci\u00f3n de personal.<\/p>\n<h2>\u00bfCu\u00e1l es el objetivo de las preguntas en una entrevista de trabajo?<\/h2>\n<p>El trabajo principal de un reclutador es que, a trav\u00e9s de las preguntas en una entrevista de trabajo, pueda conocer la personalidad del candidato, qu\u00e9 puede aportar a la empresa, cu\u00e1l es su proyecci\u00f3n en el futuro, qu\u00e9 motivaci\u00f3n personal tiene, cu\u00e1les son sus expectativas salariales, adem\u00e1s de conocer sus habilidades laborales. \u00c9stas son algunas de las claves para encontrar el perfil que mejor encaja con la vacante.<\/p>\n<p>Realizar las preguntas adecuadas en una entrevista de trabajo es de vital importancia para encontrar al mejor candidato. Por eso, los reclutadores deben seleccionar con mucho cuidado y precisi\u00f3n las preguntas de una entrevista de trabajo para obtener la informaci\u00f3n m\u00e1s adecuada para encontrar al candidato ideal.<\/p>\n<p>En cuanto a los candidatos, siempre se recomienda que acudan a las entrevistas preparados de antemano para responder adecuadamente a las preguntas y no quedarse \u00aben blanco\u00bb, perjudicando as\u00ed su candidatura al puesto laboral.<\/p>\n<h2>\u00bfQu\u00e9 preguntas hacer en una entrevista de trabajo?<\/h2>\n<p>La entrevista de trabajo permite establecer un primer contacto con el candidato, visualizando si es lo que se est\u00e1 buscando para un puesto laboral y cu\u00e1l podr\u00eda ser el futuro en la empresa. Algunas de las preguntas que se hacen en una entrevista son las siguientes:<\/p>\n<ul>\n<li>\u00bfQu\u00e9 podr\u00edas contar sobre ti?<\/li>\n<\/ul>\n<p>Con esta pregunta se tiende a romper el hielo y pautar el ritmo de la entrevista de trabajo. De esta forma, se puede conocer de primera mano c\u00f3mo se describe a s\u00ed mismo el candidato. Adem\u00e1s de que, a partir de esta pregunta, el entrevistador puede llevarse la primera impresi\u00f3n del candidato, siendo esta favorable o desfavorable.<\/p>\n<p>Por lo general, se suele responder con una breve descripci\u00f3n personal, adem\u00e1s de destacar la trayectoria laboral y profesional del candidato, siendo muy positivo hablar sobre los logros y los proyectos personales.<\/p>\n<ul>\n<li>\u00bfCu\u00e1les son tus metas personales?<br \/>\nEsta pregunta se hace para que el candidato explique sus objetivos personales a corto, medio y largo plazo, destacando las habilidades personales para cumplir los objetivos. Adem\u00e1s, permite al entrevistador conocer la ambici\u00f3n personal del candidato y encajar con la filosof\u00eda de la empresa.<\/li>\n<\/ul>\n<p>\u00bfQu\u00e9 fortalezas y debilidades destacar\u00edas?<br \/>\nEsta pregunta tiene la intenci\u00f3n de exponer el autoconocimiento del candidato. Es decir, conocer las habilidades en las que se desarrolla mejor y desvelar aquellas otras en las que no y c\u00f3mo puede trabajarlas para mejorarlas. Siendo labor del reclutador observar si estas cualidades son las que se buscan en la oferta laboral.<\/p>\n<ul>\n<li>\u00bfPor qu\u00e9 quieres trabajar con nosotros?<\/li>\n<\/ul>\n<p>A trav\u00e9s de esta pregunta se conoce la motivaci\u00f3n principal por la que el candidato se ha presentado en la vacante. Se valora positivamente que el candidato conozca bien los productos y servicios de la empresa y mostrar si dispone de las habilidades requeridas para el puesto de trabajo.<br \/>\nEsta pregunta es ideal para que el candidato se destaque sobre el resto, desvelando qu\u00e9 es lo que le diferencia del resto, qu\u00e9 puede aportar la empresa. Ya sea sus habilidades personales, la personalidad y el car\u00e1cter, la experiencia laboral, etc.<\/p>\n<ul>\n<li>\u00bfQu\u00e9 son tus expectativas salariales?<\/li>\n<\/ul>\n<p>Es importante hacer esta pregunta en una entrevista laboral para conocer el valor con el que se identifica al candidato en el mercado laboral y si sus habilidades y experiencias encajan en el rango salarial del puesto laboral.<\/p>\n<h2>La importancia de las preguntas en una entrevista de trabajo<\/h2>\n<p>Una entrevista de trabajo permite disponer del lugar y el espacio adecuado para dialogar y exponer las necesidades de ambas partes. Es una excelente oportunidad para el candidato para destacarse sobre los dem\u00e1s y para el reclutador de encontrar el perfil que mejor encaje con la vacante laboral.<\/p>\n<p>Infofeina es el portal de empleo de confianza, tanto para reclutadores como para candidatos, para realizar este primer contacto antes de una entrevista laboral y tener un seguimiento de todo el proceso de selecci\u00f3n de personal. Se trata de un portal de empleo que cuenta con actualizaciones laborales diarias y con gran alcance de perfiles. No dudes en <a href=\"https:\/\/www.infofeina.com\/empresa\/iniciar-sessio\" target=\"_blank\" rel=\"noopener\">crear tu perfil<\/a> ahora para empezar a buscar a tu candidato o trabajo ideal.<\/p>\n<p>Tambi\u00e9n te recomendamos echar un vistazo a nuestro anterior post <a href=\"https:\/\/www.infofeina.com\/blog\/es\/2023\/02\/28\/como-se-realiza-una-entrevista-grupal\/\">\u00bfC\u00f3mo se realiza una entrevista grupal?<\/a><\/p>\n","protected":false},"excerpt":{"rendered":"<p>Hay 5 preguntas m\u00e1s frecuentes en una entrevista de trabajo que se hacen a los candidatos para encontrar el que mejor encaje en un puesto laboral. Cada entrevista laboral es diferente, pero existen 5 preguntas muy frecuentes en entrevistas de trabajo . \u00c9stas se hacen a los candidatos para encontrar el perfil que mejor encaje [&hellip;]<\/p>\n","protected":false},"author":1,"featured_media":661,"comment_status":"open","ping_status":"open","sticky":false,"template":"","format":"standard","meta":{"_et_pb_use_builder":"","_et_pb_old_content":"","_et_gb_content_width":"","footnotes":""},"categories":[29],"tags":[],"class_list":["post-664","post","type-post","status-publish","format-standard","has-post-thumbnail","hentry","category-entrevista-de-trabajo-es"],"yoast_head":"<!-- This site is optimized with the Yoast SEO plugin v23.1 - https:\/\/yoast.com\/wordpress\/plugins\/seo\/ -->\n<title>Las 5 preguntas m\u00e1s frecuentes en una entrevista de trabajo - Blog Infofeina<\/title>\n<meta name=\"description\" content=\"Hay 5 preguntas frecuentes en una entrevista de trabajo que se hacen a los candidatos para encontrar el perfil laboral que mejor encaje.\" \/>\n<meta name=\"robots\" content=\"index, follow, max-snippet:-1, max-image-preview:large, max-video-preview:-1\" \/>\n<link rel=\"canonical\" href=\"https:\/\/www.infofeina.com\/blog\/es\/2023\/03\/30\/las-5-preguntas-frecuentes-en-una-entrevista-de-trabajo\/\" \/>\n<meta property=\"og:locale\" content=\"es_ES\" \/>\n<meta property=\"og:type\" content=\"article\" \/>\n<meta property=\"og:title\" content=\"Las 5 preguntas m\u00e1s frecuentes en una entrevista de trabajo - Blog Infofeina\" \/>\n<meta property=\"og:description\" content=\"Hay 5 preguntas frecuentes en una entrevista de trabajo que se hacen a los candidatos para encontrar el perfil laboral que mejor encaje.\" \/>\n<meta property=\"og:url\" content=\"https:\/\/www.infofeina.com\/blog\/es\/2023\/03\/30\/las-5-preguntas-frecuentes-en-una-entrevista-de-trabajo\/\" \/>\n<meta property=\"og:site_name\" content=\"Blog Infofeina\" \/>\n<meta property=\"article:published_time\" content=\"2023-03-30T11:33:14+00:00\" \/>\n<meta property=\"article:modified_time\" content=\"2023-03-30T11:34:09+00:00\" \/>\n<meta property=\"og:image\" content=\"https:\/\/www.infofeina.com\/blog\/wp-content\/uploads\/2023\/03\/Les-preguntes-mes-frequents-en-una-entrevista-de-feina.jpg\" \/>\n\t<meta property=\"og:image:width\" content=\"1080\" \/>\n\t<meta property=\"og:image:height\" content=\"675\" \/>\n\t<meta property=\"og:image:type\" content=\"image\/jpeg\" \/>\n<meta name=\"author\" content=\"admin\" \/>\n<meta name=\"twitter:card\" content=\"summary_large_image\" \/>\n<meta name=\"twitter:label1\" content=\"Escrito por\" \/>\n\t<meta name=\"twitter:data1\" content=\"admin\" \/>\n\t<meta name=\"twitter:label2\" content=\"Tiempo de lectura\" \/>\n\t<meta name=\"twitter:data2\" content=\"4 minutos\" \/>\n<script type=\"application\/ld+json\" class=\"yoast-schema-graph\">{\"@context\":\"https:\/\/schema.org\",\"@graph\":[{\"@type\":\"Article\",\"@id\":\"https:\/\/www.infofeina.com\/blog\/es\/2023\/03\/30\/las-5-preguntas-frecuentes-en-una-entrevista-de-trabajo\/#article\",\"isPartOf\":{\"@id\":\"https:\/\/www.infofeina.com\/blog\/es\/2023\/03\/30\/las-5-preguntas-frecuentes-en-una-entrevista-de-trabajo\/\"},\"author\":{\"name\":\"admin\",\"@id\":\"https:\/\/www.infofeina.com\/blog\/#\/schema\/person\/ee3f5bf3fcba9df54baef3ff88436462\"},\"headline\":\"Las 5 preguntas m\u00e1s frecuentes en una entrevista de trabajo\",\"datePublished\":\"2023-03-30T11:33:14+00:00\",\"dateModified\":\"2023-03-30T11:34:09+00:00\",\"mainEntityOfPage\":{\"@id\":\"https:\/\/www.infofeina.com\/blog\/es\/2023\/03\/30\/las-5-preguntas-frecuentes-en-una-entrevista-de-trabajo\/\"},\"wordCount\":838,\"commentCount\":0,\"publisher\":{\"@id\":\"https:\/\/www.infofeina.com\/blog\/#organization\"},\"image\":{\"@id\":\"https:\/\/www.infofeina.com\/blog\/es\/2023\/03\/30\/las-5-preguntas-frecuentes-en-una-entrevista-de-trabajo\/#primaryimage\"},\"thumbnailUrl\":\"https:\/\/www.infofeina.com\/blog\/wp-content\/uploads\/2023\/03\/Les-preguntes-mes-frequents-en-una-entrevista-de-feina.jpg\",\"articleSection\":[\"Entrevista de trabajo\"],\"inLanguage\":\"es\",\"potentialAction\":[{\"@type\":\"CommentAction\",\"name\":\"Comment\",\"target\":[\"https:\/\/www.infofeina.com\/blog\/es\/2023\/03\/30\/las-5-preguntas-frecuentes-en-una-entrevista-de-trabajo\/#respond\"]}]},{\"@type\":\"WebPage\",\"@id\":\"https:\/\/www.infofeina.com\/blog\/es\/2023\/03\/30\/las-5-preguntas-frecuentes-en-una-entrevista-de-trabajo\/\",\"url\":\"https:\/\/www.infofeina.com\/blog\/es\/2023\/03\/30\/las-5-preguntas-frecuentes-en-una-entrevista-de-trabajo\/\",\"name\":\"Las 5 preguntas m\u00e1s frecuentes en una entrevista de trabajo - Blog Infofeina\",\"isPartOf\":{\"@id\":\"https:\/\/www.infofeina.com\/blog\/#website\"},\"primaryImageOfPage\":{\"@id\":\"https:\/\/www.infofeina.com\/blog\/es\/2023\/03\/30\/las-5-preguntas-frecuentes-en-una-entrevista-de-trabajo\/#primaryimage\"},\"image\":{\"@id\":\"https:\/\/www.infofeina.com\/blog\/es\/2023\/03\/30\/las-5-preguntas-frecuentes-en-una-entrevista-de-trabajo\/#primaryimage\"},\"thumbnailUrl\":\"https:\/\/www.infofeina.com\/blog\/wp-content\/uploads\/2023\/03\/Les-preguntes-mes-frequents-en-una-entrevista-de-feina.jpg\",\"datePublished\":\"2023-03-30T11:33:14+00:00\",\"dateModified\":\"2023-03-30T11:34:09+00:00\",\"description\":\"Hay 5 preguntas frecuentes en una entrevista de trabajo que se hacen a los candidatos para encontrar el perfil laboral que mejor encaje.\",\"breadcrumb\":{\"@id\":\"https:\/\/www.infofeina.com\/blog\/es\/2023\/03\/30\/las-5-preguntas-frecuentes-en-una-entrevista-de-trabajo\/#breadcrumb\"},\"inLanguage\":\"es\",\"potentialAction\":[{\"@type\":\"ReadAction\",\"target\":[\"https:\/\/www.infofeina.com\/blog\/es\/2023\/03\/30\/las-5-preguntas-frecuentes-en-una-entrevista-de-trabajo\/\"]}]},{\"@type\":\"ImageObject\",\"inLanguage\":\"es\",\"@id\":\"https:\/\/www.infofeina.com\/blog\/es\/2023\/03\/30\/las-5-preguntas-frecuentes-en-una-entrevista-de-trabajo\/#primaryimage\",\"url\":\"https:\/\/www.infofeina.com\/blog\/wp-content\/uploads\/2023\/03\/Les-preguntes-mes-frequents-en-una-entrevista-de-feina.jpg\",\"contentUrl\":\"https:\/\/www.infofeina.com\/blog\/wp-content\/uploads\/2023\/03\/Les-preguntes-mes-frequents-en-una-entrevista-de-feina.jpg\",\"width\":1080,\"height\":675,\"caption\":\"las preguntas m\u00e1s frecuentes en una entrevista de trabajo\"},{\"@type\":\"BreadcrumbList\",\"@id\":\"https:\/\/www.infofeina.com\/blog\/es\/2023\/03\/30\/las-5-preguntas-frecuentes-en-una-entrevista-de-trabajo\/#breadcrumb\",\"itemListElement\":[{\"@type\":\"ListItem\",\"position\":1,\"name\":\"Portada\",\"item\":\"https:\/\/www.infofeina.com\/blog\/es\/\"},{\"@type\":\"ListItem\",\"position\":2,\"name\":\"Las 5 preguntas m\u00e1s frecuentes en una entrevista de trabajo\"}]},{\"@type\":\"WebSite\",\"@id\":\"https:\/\/www.infofeina.com\/blog\/#website\",\"url\":\"https:\/\/www.infofeina.com\/blog\/\",\"name\":\"Blog Infofeina\",\"description\":\"\",\"publisher\":{\"@id\":\"https:\/\/www.infofeina.com\/blog\/#organization\"},\"potentialAction\":[{\"@type\":\"SearchAction\",\"target\":{\"@type\":\"EntryPoint\",\"urlTemplate\":\"https:\/\/www.infofeina.com\/blog\/?s={search_term_string}\"},\"query-input\":\"required name=search_term_string\"}],\"inLanguage\":\"es\"},{\"@type\":\"Organization\",\"@id\":\"https:\/\/www.infofeina.com\/blog\/#organization\",\"name\":\"Infofeina\",\"url\":\"https:\/\/www.infofeina.com\/blog\/\",\"logo\":{\"@type\":\"ImageObject\",\"inLanguage\":\"es\",\"@id\":\"https:\/\/www.infofeina.com\/blog\/#\/schema\/logo\/image\/\",\"url\":\"https:\/\/www.infofeina.com\/blog\/wp-content\/uploads\/2016\/07\/logo-infofeina-cabecera.png\",\"contentUrl\":\"https:\/\/www.infofeina.com\/blog\/wp-content\/uploads\/2016\/07\/logo-infofeina-cabecera.png\",\"width\":209,\"height\":75,\"caption\":\"Infofeina\"},\"image\":{\"@id\":\"https:\/\/www.infofeina.com\/blog\/#\/schema\/logo\/image\/\"}},{\"@type\":\"Person\",\"@id\":\"https:\/\/www.infofeina.com\/blog\/#\/schema\/person\/ee3f5bf3fcba9df54baef3ff88436462\",\"name\":\"admin\",\"image\":{\"@type\":\"ImageObject\",\"inLanguage\":\"es\",\"@id\":\"https:\/\/www.infofeina.com\/blog\/#\/schema\/person\/image\/\",\"url\":\"https:\/\/secure.gravatar.com\/avatar\/e8ef99449f4105c2d4642a60b17696add33d2f4cf9ec4499f84d0eed1718efbd?s=96&d=mm&r=g\",\"contentUrl\":\"https:\/\/secure.gravatar.com\/avatar\/e8ef99449f4105c2d4642a60b17696add33d2f4cf9ec4499f84d0eed1718efbd?s=96&d=mm&r=g\",\"caption\":\"admin\"}}]}<\/script>\n<!-- \/ Yoast SEO plugin. -->","yoast_head_json":{"title":"Las 5 preguntas m\u00e1s frecuentes en una entrevista de trabajo - Blog Infofeina","description":"Hay 5 preguntas frecuentes en una entrevista de trabajo que se hacen a los candidatos para encontrar el perfil laboral que mejor encaje.","robots":{"index":"index","follow":"follow","max-snippet":"max-snippet:-1","max-image-preview":"max-image-preview:large","max-video-preview":"max-video-preview:-1"},"canonical":"https:\/\/www.infofeina.com\/blog\/es\/2023\/03\/30\/las-5-preguntas-frecuentes-en-una-entrevista-de-trabajo\/","og_locale":"es_ES","og_type":"article","og_title":"Las 5 preguntas m\u00e1s frecuentes en una entrevista de trabajo - Blog Infofeina","og_description":"Hay 5 preguntas frecuentes en una entrevista de trabajo que se hacen a los candidatos para encontrar el perfil laboral que mejor encaje.","og_url":"https:\/\/www.infofeina.com\/blog\/es\/2023\/03\/30\/las-5-preguntas-frecuentes-en-una-entrevista-de-trabajo\/","og_site_name":"Blog Infofeina","article_published_time":"2023-03-30T11:33:14+00:00","article_modified_time":"2023-03-30T11:34:09+00:00","og_image":[{"width":1080,"height":675,"url":"https:\/\/www.infofeina.com\/blog\/wp-content\/uploads\/2023\/03\/Les-preguntes-mes-frequents-en-una-entrevista-de-feina.jpg","type":"image\/jpeg"}],"author":"admin","twitter_card":"summary_large_image","twitter_misc":{"Escrito por":"admin","Tiempo de lectura":"4 minutos"},"schema":{"@context":"https:\/\/schema.org","@graph":[{"@type":"Article","@id":"https:\/\/www.infofeina.com\/blog\/es\/2023\/03\/30\/las-5-preguntas-frecuentes-en-una-entrevista-de-trabajo\/#article","isPartOf":{"@id":"https:\/\/www.infofeina.com\/blog\/es\/2023\/03\/30\/las-5-preguntas-frecuentes-en-una-entrevista-de-trabajo\/"},"author":{"name":"admin","@id":"https:\/\/www.infofeina.com\/blog\/#\/schema\/person\/ee3f5bf3fcba9df54baef3ff88436462"},"headline":"Las 5 preguntas m\u00e1s frecuentes en una entrevista de trabajo","datePublished":"2023-03-30T11:33:14+00:00","dateModified":"2023-03-30T11:34:09+00:00","mainEntityOfPage":{"@id":"https:\/\/www.infofeina.com\/blog\/es\/2023\/03\/30\/las-5-preguntas-frecuentes-en-una-entrevista-de-trabajo\/"},"wordCount":838,"commentCount":0,"publisher":{"@id":"https:\/\/www.infofeina.com\/blog\/#organization"},"image":{"@id":"https:\/\/www.infofeina.com\/blog\/es\/2023\/03\/30\/las-5-preguntas-frecuentes-en-una-entrevista-de-trabajo\/#primaryimage"},"thumbnailUrl":"https:\/\/www.infofeina.com\/blog\/wp-content\/uploads\/2023\/03\/Les-preguntes-mes-frequents-en-una-entrevista-de-feina.jpg","articleSection":["Entrevista de trabajo"],"inLanguage":"es","potentialAction":[{"@type":"CommentAction","name":"Comment","target":["https:\/\/www.infofeina.com\/blog\/es\/2023\/03\/30\/las-5-preguntas-frecuentes-en-una-entrevista-de-trabajo\/#respond"]}]},{"@type":"WebPage","@id":"https:\/\/www.infofeina.com\/blog\/es\/2023\/03\/30\/las-5-preguntas-frecuentes-en-una-entrevista-de-trabajo\/","url":"https:\/\/www.infofeina.com\/blog\/es\/2023\/03\/30\/las-5-preguntas-frecuentes-en-una-entrevista-de-trabajo\/","name":"Las 5 preguntas m\u00e1s frecuentes en una entrevista de trabajo - Blog Infofeina","isPartOf":{"@id":"https:\/\/www.infofeina.com\/blog\/#website"},"primaryImageOfPage":{"@id":"https:\/\/www.infofeina.com\/blog\/es\/2023\/03\/30\/las-5-preguntas-frecuentes-en-una-entrevista-de-trabajo\/#primaryimage"},"image":{"@id":"https:\/\/www.infofeina.com\/blog\/es\/2023\/03\/30\/las-5-preguntas-frecuentes-en-una-entrevista-de-trabajo\/#primaryimage"},"thumbnailUrl":"https:\/\/www.infofeina.com\/blog\/wp-content\/uploads\/2023\/03\/Les-preguntes-mes-frequents-en-una-entrevista-de-feina.jpg","datePublished":"2023-03-30T11:33:14+00:00","dateModified":"2023-03-30T11:34:09+00:00","description":"Hay 5 preguntas frecuentes en una entrevista de trabajo que se hacen a los candidatos para encontrar el perfil laboral que mejor encaje.","breadcrumb":{"@id":"https:\/\/www.infofeina.com\/blog\/es\/2023\/03\/30\/las-5-preguntas-frecuentes-en-una-entrevista-de-trabajo\/#breadcrumb"},"inLanguage":"es","potentialAction":[{"@type":"ReadAction","target":["https:\/\/www.infofeina.com\/blog\/es\/2023\/03\/30\/las-5-preguntas-frecuentes-en-una-entrevista-de-trabajo\/"]}]},{"@type":"ImageObject","inLanguage":"es","@id":"https:\/\/www.infofeina.com\/blog\/es\/2023\/03\/30\/las-5-preguntas-frecuentes-en-una-entrevista-de-trabajo\/#primaryimage","url":"https:\/\/www.infofeina.com\/blog\/wp-content\/uploads\/2023\/03\/Les-preguntes-mes-frequents-en-una-entrevista-de-feina.jpg","contentUrl":"https:\/\/www.infofeina.com\/blog\/wp-content\/uploads\/2023\/03\/Les-preguntes-mes-frequents-en-una-entrevista-de-feina.jpg","width":1080,"height":675,"caption":"las preguntas m\u00e1s frecuentes en una entrevista de trabajo"},{"@type":"BreadcrumbList","@id":"https:\/\/www.infofeina.com\/blog\/es\/2023\/03\/30\/las-5-preguntas-frecuentes-en-una-entrevista-de-trabajo\/#breadcrumb","itemListElement":[{"@type":"ListItem","position":1,"name":"Portada","item":"https:\/\/www.infofeina.com\/blog\/es\/"},{"@type":"ListItem","position":2,"name":"Las 5 preguntas m\u00e1s frecuentes en una entrevista de trabajo"}]},{"@type":"WebSite","@id":"https:\/\/www.infofeina.com\/blog\/#website","url":"https:\/\/www.infofeina.com\/blog\/","name":"Blog Infofeina","description":"","publisher":{"@id":"https:\/\/www.infofeina.com\/blog\/#organization"},"potentialAction":[{"@type":"SearchAction","target":{"@type":"EntryPoint","urlTemplate":"https:\/\/www.infofeina.com\/blog\/?s={search_term_string}"},"query-input":"required name=search_term_string"}],"inLanguage":"es"},{"@type":"Organization","@id":"https:\/\/www.infofeina.com\/blog\/#organization","name":"Infofeina","url":"https:\/\/www.infofeina.com\/blog\/","logo":{"@type":"ImageObject","inLanguage":"es","@id":"https:\/\/www.infofeina.com\/blog\/#\/schema\/logo\/image\/","url":"https:\/\/www.infofeina.com\/blog\/wp-content\/uploads\/2016\/07\/logo-infofeina-cabecera.png","contentUrl":"https:\/\/www.infofeina.com\/blog\/wp-content\/uploads\/2016\/07\/logo-infofeina-cabecera.png","width":209,"height":75,"caption":"Infofeina"},"image":{"@id":"https:\/\/www.infofeina.com\/blog\/#\/schema\/logo\/image\/"}},{"@type":"Person","@id":"https:\/\/www.infofeina.com\/blog\/#\/schema\/person\/ee3f5bf3fcba9df54baef3ff88436462","name":"admin","image":{"@type":"ImageObject","inLanguage":"es","@id":"https:\/\/www.infofeina.com\/blog\/#\/schema\/person\/image\/","url":"https:\/\/secure.gravatar.com\/avatar\/e8ef99449f4105c2d4642a60b17696add33d2f4cf9ec4499f84d0eed1718efbd?s=96&d=mm&r=g","contentUrl":"https:\/\/secure.gravatar.com\/avatar\/e8ef99449f4105c2d4642a60b17696add33d2f4cf9ec4499f84d0eed1718efbd?s=96&d=mm&r=g","caption":"admin"}}]}},"_links":{"self":[{"href":"https:\/\/www.infofeina.com\/blog\/wp-json\/wp\/v2\/posts\/664","targetHints":{"allow":["GET"]}}],"collection":[{"href":"https:\/\/www.infofeina.com\/blog\/wp-json\/wp\/v2\/posts"}],"about":[{"href":"https:\/\/www.infofeina.com\/blog\/wp-json\/wp\/v2\/types\/post"}],"author":[{"embeddable":true,"href":"https:\/\/www.infofeina.com\/blog\/wp-json\/wp\/v2\/users\/1"}],"replies":[{"embeddable":true,"href":"https:\/\/www.infofeina.com\/blog\/wp-json\/wp\/v2\/comments?post=664"}],"version-history":[{"count":4,"href":"https:\/\/www.infofeina.com\/blog\/wp-json\/wp\/v2\/posts\/664\/revisions"}],"predecessor-version":[{"id":668,"href":"https:\/\/www.infofeina.com\/blog\/wp-json\/wp\/v2\/posts\/664\/revisions\/668"}],"wp:featuredmedia":[{"embeddable":true,"href":"https:\/\/www.infofeina.com\/blog\/wp-json\/wp\/v2\/media\/661"}],"wp:attachment":[{"href":"https:\/\/www.infofeina.com\/blog\/wp-json\/wp\/v2\/media?parent=664"}],"wp:term":[{"taxonomy":"category","embeddable":true,"href":"https:\/\/www.infofeina.com\/blog\/wp-json\/wp\/v2\/categories?post=664"},{"taxonomy":"post_tag","embeddable":true,"href":"https:\/\/www.infofeina.com\/blog\/wp-json\/wp\/v2\/tags?post=664"}],"curies":[{"name":"wp","href":"https:\/\/api.w.org\/{rel}","templated":true}]}}