{"id":897,"date":"2024-06-07T08:00:51","date_gmt":"2024-06-07T08:00:51","guid":{"rendered":"https:\/\/www.infofeina.com\/blog\/?p=897"},"modified":"2024-06-06T10:50:20","modified_gmt":"2024-06-06T10:50:20","slug":"que-es-el-salario-minimo-interprofesional","status":"publish","type":"post","link":"https:\/\/www.infofeina.com\/blog\/es\/2024\/06\/07\/que-es-el-salario-minimo-interprofesional\/","title":{"rendered":"\u00bfQu\u00e9 es el salario m\u00ednimo interprofesional?"},"content":{"rendered":"<p>El<strong> salario m\u00ednimo interprofesional<\/strong> (SMI) es la cantidad m\u00ednima que un empresario est\u00e1 legalmente obligado a pagar a sus empleados por una jornada laboral completa. Es una medida dise\u00f1ada para garantizar que todos los trabajadores tengan un ingreso suficiente para cubrir sus necesidades b\u00e1sicas y vivir con dignidad. Este salario se revisa y ajusta anualmente para reflejar los cambios en el coste de vida y otras condiciones econ\u00f3micas.<\/p>\n<p>A continuaci\u00f3n, trataremos varios aspectos importantes relacionados con el SMI: <strong>cu\u00e1l es el salario m\u00ednimo interprofesional en Espa\u00f1a 2024<\/strong>, qu\u00e9 incluye este salario, si se refiere a una cantidad neta o bruta y qui\u00e9nes son los trabajadores que deben recibirlo. Adem\u00e1s, para obtener una visi\u00f3n m\u00e1s amplia sobre los salarios, puedes consultar nuestro post sobre los <a href=\"https:\/\/www.infofeina.com\/blog\/es\/2023\/06\/23\/tipos-de-salarios-en-espana\/\">tipos de salarios en Espa\u00f1a<\/a>.<\/p>\n<h2>\u00bfCu\u00e1l es el salario m\u00ednimo interprofesional?<\/h2>\n<p>Para el a\u00f1o 2024, el <strong>salario m\u00ednimo interprofesional en Espa\u00f1a<\/strong> se ha establecido en 1.134 euros mensuales en 14 pagas. En caso de estar prorrateadas las pagas extras, ser\u00e1n 1.323 euros mensuales en 12 pagas. Este ajuste busca mejorar las condiciones de vida de los trabajadores, asegurando que sus ingresos mantengan el poder adquisitivo frente a la inflaci\u00f3n y otros factores econ\u00f3micos.<\/p>\n<h2>\u00bfQu\u00e9 incluye el salario m\u00ednimo interprofesional?<\/h2>\n<p>El salario m\u00ednimo interprofesional incluye la remuneraci\u00f3n total bruta que un trabajador recibe por el trabajo que realiza, este incluye:<\/p>\n<ul>\n<li><strong>Salario base<\/strong>: La cantidad fija estipulada en el contrato de trabajo.<\/li>\n<li><strong>Pagas extraordinarias<\/strong>: Dos pagas extras al a\u00f1o, una en Navidad y otra en verano, o estas pagas pueden prorratearse mensualmente.<\/li>\n<li><strong>Complementos salariales<\/strong>: Cantidades adicionales por conceptos como antig\u00fcedad, peligrosidad, nocturnidad, entre otros.<\/li>\n<li><strong>Incentivos y bonificaciones<\/strong>: Comisiones por ventas, productividad, etc.<\/li>\n<\/ul>\n<h2>\u00bfEl salario m\u00ednimo interprofesional es neto o bruto?<\/h2>\n<p>Nos encontramos siempre con la duda sobre si <strong>el salario m\u00ednimo interprofesional es neto o bruto<\/strong> y la respuesta es que es bruto. Esto significa que la cantidad fijada por el gobierno no es la que finalmente recibe el trabajador en su cuenta bancaria. Al salario bruto se le deben descontar las contribuciones a la Seguridad Social y las retenciones fiscales correspondientes. Por lo tanto, el salario neto que un trabajador percibe es menor que el salario bruto, ya que incluye todas las deducciones legales aplicables. Para entender mejor el concepto de salario neto y bruto, te sugerimos echarle un vistazo a nuestro post sobre la <a href=\"https:\/\/www.infofeina.com\/blog\/es\/2024\/01\/18\/diferencia-entre-salario-bruto-y-neto\/\">diferencia entre salario bruto y neto<\/a>.<\/p>\n<h2>\u00bfQui\u00e9n cobra el salario m\u00ednimo interprofesional?<\/h2>\n<p>El salario m\u00ednimo interprofesional es el umbral m\u00ednimo de remuneraci\u00f3n. Por lo tanto, <strong>quienes deben cobrar el salario m\u00ednimo interprofesional<\/strong> son todos los trabajadores de Espa\u00f1a. Esto abarca a:<\/p>\n<ul>\n<li>Todos los empleados sin excepci\u00f3n: Independientemente del sector o tipo de contrato, todos los trabajadores tienen derecho a recibir al menos el SMI.<\/li>\n<li>Trabajadores con contratos a tiempo parcial: Su salario se ajustar\u00e1 proporcionalmente al tiempo trabajado en base al SMI.<\/li>\n<li>J\u00f3venes y personas sin experiencia laboral previa: Quienes acaban de incorporarse al mercado laboral tambi\u00e9n tienen derecho a este salario m\u00ednimo.<\/li>\n<\/ul>\n<p>En Infofeina, sabemos lo importante que es estar bien informado sobre aspectos cruciales, como el salario m\u00ednimo interprofesional. Por ello, te aportamos informaci\u00f3n actualizada y relevante para que tomes decisiones laborales bien fundamentadas. Adem\u00e1s, ponemos a tu disposici\u00f3n una plataforma completa para buscar empleo, con recursos y consejos. \u00a1<a href=\"https:\/\/www.infofeina.com\/candidat\/iniciar-sessio\">Incia sesi\u00f3n<\/a> o <a href=\"https:\/\/www.infofeina.com\/candidat\/nou-perfil\">reg\u00edstrate<\/a> y encuentra las mejores oportunidades de empleo!<\/p>\n","protected":false},"excerpt":{"rendered":"<p>El salario m\u00ednimo interprofesional (SMI) es la cantidad m\u00ednima que un empresario est\u00e1 legalmente obligado a pagar a sus empleados por una jornada laboral completa. Es una medida dise\u00f1ada para garantizar que todos los trabajadores tengan un ingreso suficiente para cubrir sus necesidades b\u00e1sicas y vivir con dignidad. Este salario se revisa y ajusta anualmente [&hellip;]<\/p>\n","protected":false},"author":1,"featured_media":901,"comment_status":"open","ping_status":"open","sticky":false,"template":"","format":"standard","meta":{"_et_pb_use_builder":"","_et_pb_old_content":"","_et_gb_content_width":"","footnotes":""},"categories":[27],"tags":[],"class_list":["post-897","post","type-post","status-publish","format-standard","has-post-thumbnail","hentry","category-portal-de-empleo-es"],"yoast_head":"<!-- This site is optimized with the Yoast SEO plugin v23.1 - https:\/\/yoast.com\/wordpress\/plugins\/seo\/ -->\n<title>\u00bfQu\u00e9 es el salario m\u00ednimo interprofesional? - Blog Infofeina<\/title>\n<meta name=\"description\" content=\"Conoce todo sobre el SMI con Infofeina: Qu\u00e9 es el salario m\u00ednimo interprofesional, qu\u00e9 incluye, si es neto o bruto, y qui\u00e9nes lo reciben.\" \/>\n<meta name=\"robots\" content=\"index, follow, max-snippet:-1, max-image-preview:large, max-video-preview:-1\" \/>\n<link rel=\"canonical\" href=\"https:\/\/www.infofeina.com\/blog\/es\/2024\/06\/07\/que-es-el-salario-minimo-interprofesional\/\" \/>\n<meta property=\"og:locale\" content=\"es_ES\" \/>\n<meta property=\"og:type\" content=\"article\" \/>\n<meta property=\"og:title\" content=\"\u00bfQu\u00e9 es el salario m\u00ednimo interprofesional? - Blog Infofeina\" \/>\n<meta property=\"og:description\" content=\"Conoce todo sobre el SMI con Infofeina: Qu\u00e9 es el salario m\u00ednimo interprofesional, qu\u00e9 incluye, si es neto o bruto, y qui\u00e9nes lo reciben.\" \/>\n<meta property=\"og:url\" content=\"https:\/\/www.infofeina.com\/blog\/es\/2024\/06\/07\/que-es-el-salario-minimo-interprofesional\/\" \/>\n<meta property=\"og:site_name\" content=\"Blog Infofeina\" \/>\n<meta property=\"article:published_time\" content=\"2024-06-07T08:00:51+00:00\" \/>\n<meta property=\"article:modified_time\" content=\"2024-06-06T10:50:20+00:00\" \/>\n<meta property=\"og:image\" content=\"https:\/\/www.infofeina.com\/blog\/wp-content\/uploads\/2024\/06\/que-es-el-salario-minimo-interprofesional.jpg\" \/>\n\t<meta property=\"og:image:width\" content=\"795\" \/>\n\t<meta property=\"og:image:height\" content=\"530\" \/>\n\t<meta property=\"og:image:type\" content=\"image\/jpeg\" \/>\n<meta name=\"author\" content=\"admin\" \/>\n<meta name=\"twitter:card\" content=\"summary_large_image\" \/>\n<meta name=\"twitter:label1\" content=\"Escrito por\" \/>\n\t<meta name=\"twitter:data1\" content=\"admin\" \/>\n\t<meta name=\"twitter:label2\" content=\"Tiempo de lectura\" \/>\n\t<meta name=\"twitter:data2\" content=\"3 minutos\" \/>\n<script type=\"application\/ld+json\" class=\"yoast-schema-graph\">{\"@context\":\"https:\/\/schema.org\",\"@graph\":[{\"@type\":\"Article\",\"@id\":\"https:\/\/www.infofeina.com\/blog\/es\/2024\/06\/07\/que-es-el-salario-minimo-interprofesional\/#article\",\"isPartOf\":{\"@id\":\"https:\/\/www.infofeina.com\/blog\/es\/2024\/06\/07\/que-es-el-salario-minimo-interprofesional\/\"},\"author\":{\"name\":\"admin\",\"@id\":\"https:\/\/www.infofeina.com\/blog\/#\/schema\/person\/ee3f5bf3fcba9df54baef3ff88436462\"},\"headline\":\"\u00bfQu\u00e9 es el salario m\u00ednimo interprofesional?\",\"datePublished\":\"2024-06-07T08:00:51+00:00\",\"dateModified\":\"2024-06-06T10:50:20+00:00\",\"mainEntityOfPage\":{\"@id\":\"https:\/\/www.infofeina.com\/blog\/es\/2024\/06\/07\/que-es-el-salario-minimo-interprofesional\/\"},\"wordCount\":597,\"commentCount\":0,\"publisher\":{\"@id\":\"https:\/\/www.infofeina.com\/blog\/#organization\"},\"image\":{\"@id\":\"https:\/\/www.infofeina.com\/blog\/es\/2024\/06\/07\/que-es-el-salario-minimo-interprofesional\/#primaryimage\"},\"thumbnailUrl\":\"https:\/\/www.infofeina.com\/blog\/wp-content\/uploads\/2024\/06\/que-es-el-salario-minimo-interprofesional.jpg\",\"articleSection\":[\"Portal de empleo\"],\"inLanguage\":\"es\",\"potentialAction\":[{\"@type\":\"CommentAction\",\"name\":\"Comment\",\"target\":[\"https:\/\/www.infofeina.com\/blog\/es\/2024\/06\/07\/que-es-el-salario-minimo-interprofesional\/#respond\"]}]},{\"@type\":\"WebPage\",\"@id\":\"https:\/\/www.infofeina.com\/blog\/es\/2024\/06\/07\/que-es-el-salario-minimo-interprofesional\/\",\"url\":\"https:\/\/www.infofeina.com\/blog\/es\/2024\/06\/07\/que-es-el-salario-minimo-interprofesional\/\",\"name\":\"\u00bfQu\u00e9 es el salario m\u00ednimo interprofesional? - Blog Infofeina\",\"isPartOf\":{\"@id\":\"https:\/\/www.infofeina.com\/blog\/#website\"},\"primaryImageOfPage\":{\"@id\":\"https:\/\/www.infofeina.com\/blog\/es\/2024\/06\/07\/que-es-el-salario-minimo-interprofesional\/#primaryimage\"},\"image\":{\"@id\":\"https:\/\/www.infofeina.com\/blog\/es\/2024\/06\/07\/que-es-el-salario-minimo-interprofesional\/#primaryimage\"},\"thumbnailUrl\":\"https:\/\/www.infofeina.com\/blog\/wp-content\/uploads\/2024\/06\/que-es-el-salario-minimo-interprofesional.jpg\",\"datePublished\":\"2024-06-07T08:00:51+00:00\",\"dateModified\":\"2024-06-06T10:50:20+00:00\",\"description\":\"Conoce todo sobre el SMI con Infofeina: Qu\u00e9 es el salario m\u00ednimo interprofesional, qu\u00e9 incluye, si es neto o bruto, y qui\u00e9nes lo reciben.\",\"breadcrumb\":{\"@id\":\"https:\/\/www.infofeina.com\/blog\/es\/2024\/06\/07\/que-es-el-salario-minimo-interprofesional\/#breadcrumb\"},\"inLanguage\":\"es\",\"potentialAction\":[{\"@type\":\"ReadAction\",\"target\":[\"https:\/\/www.infofeina.com\/blog\/es\/2024\/06\/07\/que-es-el-salario-minimo-interprofesional\/\"]}]},{\"@type\":\"ImageObject\",\"inLanguage\":\"es\",\"@id\":\"https:\/\/www.infofeina.com\/blog\/es\/2024\/06\/07\/que-es-el-salario-minimo-interprofesional\/#primaryimage\",\"url\":\"https:\/\/www.infofeina.com\/blog\/wp-content\/uploads\/2024\/06\/que-es-el-salario-minimo-interprofesional.jpg\",\"contentUrl\":\"https:\/\/www.infofeina.com\/blog\/wp-content\/uploads\/2024\/06\/que-es-el-salario-minimo-interprofesional.jpg\",\"width\":795,\"height\":530,\"caption\":\"Qu\u00e9 es el salario m\u00ednimo interprofesional\"},{\"@type\":\"BreadcrumbList\",\"@id\":\"https:\/\/www.infofeina.com\/blog\/es\/2024\/06\/07\/que-es-el-salario-minimo-interprofesional\/#breadcrumb\",\"itemListElement\":[{\"@type\":\"ListItem\",\"position\":1,\"name\":\"Portada\",\"item\":\"https:\/\/www.infofeina.com\/blog\/es\/\"},{\"@type\":\"ListItem\",\"position\":2,\"name\":\"\u00bfQu\u00e9 es el salario m\u00ednimo interprofesional?\"}]},{\"@type\":\"WebSite\",\"@id\":\"https:\/\/www.infofeina.com\/blog\/#website\",\"url\":\"https:\/\/www.infofeina.com\/blog\/\",\"name\":\"Blog Infofeina\",\"description\":\"\",\"publisher\":{\"@id\":\"https:\/\/www.infofeina.com\/blog\/#organization\"},\"potentialAction\":[{\"@type\":\"SearchAction\",\"target\":{\"@type\":\"EntryPoint\",\"urlTemplate\":\"https:\/\/www.infofeina.com\/blog\/?s={search_term_string}\"},\"query-input\":\"required name=search_term_string\"}],\"inLanguage\":\"es\"},{\"@type\":\"Organization\",\"@id\":\"https:\/\/www.infofeina.com\/blog\/#organization\",\"name\":\"Infofeina\",\"url\":\"https:\/\/www.infofeina.com\/blog\/\",\"logo\":{\"@type\":\"ImageObject\",\"inLanguage\":\"es\",\"@id\":\"https:\/\/www.infofeina.com\/blog\/#\/schema\/logo\/image\/\",\"url\":\"https:\/\/www.infofeina.com\/blog\/wp-content\/uploads\/2016\/07\/logo-infofeina-cabecera.png\",\"contentUrl\":\"https:\/\/www.infofeina.com\/blog\/wp-content\/uploads\/2016\/07\/logo-infofeina-cabecera.png\",\"width\":209,\"height\":75,\"caption\":\"Infofeina\"},\"image\":{\"@id\":\"https:\/\/www.infofeina.com\/blog\/#\/schema\/logo\/image\/\"}},{\"@type\":\"Person\",\"@id\":\"https:\/\/www.infofeina.com\/blog\/#\/schema\/person\/ee3f5bf3fcba9df54baef3ff88436462\",\"name\":\"admin\",\"image\":{\"@type\":\"ImageObject\",\"inLanguage\":\"es\",\"@id\":\"https:\/\/www.infofeina.com\/blog\/#\/schema\/person\/image\/\",\"url\":\"https:\/\/secure.gravatar.com\/avatar\/e8ef99449f4105c2d4642a60b17696add33d2f4cf9ec4499f84d0eed1718efbd?s=96&d=mm&r=g\",\"contentUrl\":\"https:\/\/secure.gravatar.com\/avatar\/e8ef99449f4105c2d4642a60b17696add33d2f4cf9ec4499f84d0eed1718efbd?s=96&d=mm&r=g\",\"caption\":\"admin\"}}]}<\/script>\n<!-- \/ Yoast SEO plugin. -->","yoast_head_json":{"title":"\u00bfQu\u00e9 es el salario m\u00ednimo interprofesional? - Blog Infofeina","description":"Conoce todo sobre el SMI con Infofeina: Qu\u00e9 es el salario m\u00ednimo interprofesional, qu\u00e9 incluye, si es neto o bruto, y qui\u00e9nes lo reciben.","robots":{"index":"index","follow":"follow","max-snippet":"max-snippet:-1","max-image-preview":"max-image-preview:large","max-video-preview":"max-video-preview:-1"},"canonical":"https:\/\/www.infofeina.com\/blog\/es\/2024\/06\/07\/que-es-el-salario-minimo-interprofesional\/","og_locale":"es_ES","og_type":"article","og_title":"\u00bfQu\u00e9 es el salario m\u00ednimo interprofesional? - Blog Infofeina","og_description":"Conoce todo sobre el SMI con Infofeina: Qu\u00e9 es el salario m\u00ednimo interprofesional, qu\u00e9 incluye, si es neto o bruto, y qui\u00e9nes lo reciben.","og_url":"https:\/\/www.infofeina.com\/blog\/es\/2024\/06\/07\/que-es-el-salario-minimo-interprofesional\/","og_site_name":"Blog Infofeina","article_published_time":"2024-06-07T08:00:51+00:00","article_modified_time":"2024-06-06T10:50:20+00:00","og_image":[{"width":795,"height":530,"url":"https:\/\/www.infofeina.com\/blog\/wp-content\/uploads\/2024\/06\/que-es-el-salario-minimo-interprofesional.jpg","type":"image\/jpeg"}],"author":"admin","twitter_card":"summary_large_image","twitter_misc":{"Escrito por":"admin","Tiempo de lectura":"3 minutos"},"schema":{"@context":"https:\/\/schema.org","@graph":[{"@type":"Article","@id":"https:\/\/www.infofeina.com\/blog\/es\/2024\/06\/07\/que-es-el-salario-minimo-interprofesional\/#article","isPartOf":{"@id":"https:\/\/www.infofeina.com\/blog\/es\/2024\/06\/07\/que-es-el-salario-minimo-interprofesional\/"},"author":{"name":"admin","@id":"https:\/\/www.infofeina.com\/blog\/#\/schema\/person\/ee3f5bf3fcba9df54baef3ff88436462"},"headline":"\u00bfQu\u00e9 es el salario m\u00ednimo interprofesional?","datePublished":"2024-06-07T08:00:51+00:00","dateModified":"2024-06-06T10:50:20+00:00","mainEntityOfPage":{"@id":"https:\/\/www.infofeina.com\/blog\/es\/2024\/06\/07\/que-es-el-salario-minimo-interprofesional\/"},"wordCount":597,"commentCount":0,"publisher":{"@id":"https:\/\/www.infofeina.com\/blog\/#organization"},"image":{"@id":"https:\/\/www.infofeina.com\/blog\/es\/2024\/06\/07\/que-es-el-salario-minimo-interprofesional\/#primaryimage"},"thumbnailUrl":"https:\/\/www.infofeina.com\/blog\/wp-content\/uploads\/2024\/06\/que-es-el-salario-minimo-interprofesional.jpg","articleSection":["Portal de empleo"],"inLanguage":"es","potentialAction":[{"@type":"CommentAction","name":"Comment","target":["https:\/\/www.infofeina.com\/blog\/es\/2024\/06\/07\/que-es-el-salario-minimo-interprofesional\/#respond"]}]},{"@type":"WebPage","@id":"https:\/\/www.infofeina.com\/blog\/es\/2024\/06\/07\/que-es-el-salario-minimo-interprofesional\/","url":"https:\/\/www.infofeina.com\/blog\/es\/2024\/06\/07\/que-es-el-salario-minimo-interprofesional\/","name":"\u00bfQu\u00e9 es el salario m\u00ednimo interprofesional? - Blog Infofeina","isPartOf":{"@id":"https:\/\/www.infofeina.com\/blog\/#website"},"primaryImageOfPage":{"@id":"https:\/\/www.infofeina.com\/blog\/es\/2024\/06\/07\/que-es-el-salario-minimo-interprofesional\/#primaryimage"},"image":{"@id":"https:\/\/www.infofeina.com\/blog\/es\/2024\/06\/07\/que-es-el-salario-minimo-interprofesional\/#primaryimage"},"thumbnailUrl":"https:\/\/www.infofeina.com\/blog\/wp-content\/uploads\/2024\/06\/que-es-el-salario-minimo-interprofesional.jpg","datePublished":"2024-06-07T08:00:51+00:00","dateModified":"2024-06-06T10:50:20+00:00","description":"Conoce todo sobre el SMI con Infofeina: Qu\u00e9 es el salario m\u00ednimo interprofesional, qu\u00e9 incluye, si es neto o bruto, y qui\u00e9nes lo reciben.","breadcrumb":{"@id":"https:\/\/www.infofeina.com\/blog\/es\/2024\/06\/07\/que-es-el-salario-minimo-interprofesional\/#breadcrumb"},"inLanguage":"es","potentialAction":[{"@type":"ReadAction","target":["https:\/\/www.infofeina.com\/blog\/es\/2024\/06\/07\/que-es-el-salario-minimo-interprofesional\/"]}]},{"@type":"ImageObject","inLanguage":"es","@id":"https:\/\/www.infofeina.com\/blog\/es\/2024\/06\/07\/que-es-el-salario-minimo-interprofesional\/#primaryimage","url":"https:\/\/www.infofeina.com\/blog\/wp-content\/uploads\/2024\/06\/que-es-el-salario-minimo-interprofesional.jpg","contentUrl":"https:\/\/www.infofeina.com\/blog\/wp-content\/uploads\/2024\/06\/que-es-el-salario-minimo-interprofesional.jpg","width":795,"height":530,"caption":"Qu\u00e9 es el salario m\u00ednimo interprofesional"},{"@type":"BreadcrumbList","@id":"https:\/\/www.infofeina.com\/blog\/es\/2024\/06\/07\/que-es-el-salario-minimo-interprofesional\/#breadcrumb","itemListElement":[{"@type":"ListItem","position":1,"name":"Portada","item":"https:\/\/www.infofeina.com\/blog\/es\/"},{"@type":"ListItem","position":2,"name":"\u00bfQu\u00e9 es el salario m\u00ednimo interprofesional?"}]},{"@type":"WebSite","@id":"https:\/\/www.infofeina.com\/blog\/#website","url":"https:\/\/www.infofeina.com\/blog\/","name":"Blog Infofeina","description":"","publisher":{"@id":"https:\/\/www.infofeina.com\/blog\/#organization"},"potentialAction":[{"@type":"SearchAction","target":{"@type":"EntryPoint","urlTemplate":"https:\/\/www.infofeina.com\/blog\/?s={search_term_string}"},"query-input":"required name=search_term_string"}],"inLanguage":"es"},{"@type":"Organization","@id":"https:\/\/www.infofeina.com\/blog\/#organization","name":"Infofeina","url":"https:\/\/www.infofeina.com\/blog\/","logo":{"@type":"ImageObject","inLanguage":"es","@id":"https:\/\/www.infofeina.com\/blog\/#\/schema\/logo\/image\/","url":"https:\/\/www.infofeina.com\/blog\/wp-content\/uploads\/2016\/07\/logo-infofeina-cabecera.png","contentUrl":"https:\/\/www.infofeina.com\/blog\/wp-content\/uploads\/2016\/07\/logo-infofeina-cabecera.png","width":209,"height":75,"caption":"Infofeina"},"image":{"@id":"https:\/\/www.infofeina.com\/blog\/#\/schema\/logo\/image\/"}},{"@type":"Person","@id":"https:\/\/www.infofeina.com\/blog\/#\/schema\/person\/ee3f5bf3fcba9df54baef3ff88436462","name":"admin","image":{"@type":"ImageObject","inLanguage":"es","@id":"https:\/\/www.infofeina.com\/blog\/#\/schema\/person\/image\/","url":"https:\/\/secure.gravatar.com\/avatar\/e8ef99449f4105c2d4642a60b17696add33d2f4cf9ec4499f84d0eed1718efbd?s=96&d=mm&r=g","contentUrl":"https:\/\/secure.gravatar.com\/avatar\/e8ef99449f4105c2d4642a60b17696add33d2f4cf9ec4499f84d0eed1718efbd?s=96&d=mm&r=g","caption":"admin"}}]}},"_links":{"self":[{"href":"https:\/\/www.infofeina.com\/blog\/wp-json\/wp\/v2\/posts\/897","targetHints":{"allow":["GET"]}}],"collection":[{"href":"https:\/\/www.infofeina.com\/blog\/wp-json\/wp\/v2\/posts"}],"about":[{"href":"https:\/\/www.infofeina.com\/blog\/wp-json\/wp\/v2\/types\/post"}],"author":[{"embeddable":true,"href":"https:\/\/www.infofeina.com\/blog\/wp-json\/wp\/v2\/users\/1"}],"replies":[{"embeddable":true,"href":"https:\/\/www.infofeina.com\/blog\/wp-json\/wp\/v2\/comments?post=897"}],"version-history":[{"count":1,"href":"https:\/\/www.infofeina.com\/blog\/wp-json\/wp\/v2\/posts\/897\/revisions"}],"predecessor-version":[{"id":898,"href":"https:\/\/www.infofeina.com\/blog\/wp-json\/wp\/v2\/posts\/897\/revisions\/898"}],"wp:featuredmedia":[{"embeddable":true,"href":"https:\/\/www.infofeina.com\/blog\/wp-json\/wp\/v2\/media\/901"}],"wp:attachment":[{"href":"https:\/\/www.infofeina.com\/blog\/wp-json\/wp\/v2\/media?parent=897"}],"wp:term":[{"taxonomy":"category","embeddable":true,"href":"https:\/\/www.infofeina.com\/blog\/wp-json\/wp\/v2\/categories?post=897"},{"taxonomy":"post_tag","embeddable":true,"href":"https:\/\/www.infofeina.com\/blog\/wp-json\/wp\/v2\/tags?post=897"}],"curies":[{"name":"wp","href":"https:\/\/api.w.org\/{rel}","templated":true}]}}