{"id":948,"date":"2024-09-27T08:36:05","date_gmt":"2024-09-27T08:36:05","guid":{"rendered":"https:\/\/www.infofeina.com\/blog\/?p=948"},"modified":"2024-09-30T08:36:33","modified_gmt":"2024-09-30T08:36:33","slug":"como-vestir-para-una-entrevista-de-trabajo","status":"publish","type":"post","link":"https:\/\/www.infofeina.com\/blog\/es\/2024\/09\/27\/como-vestir-para-una-entrevista-de-trabajo\/","title":{"rendered":"\u00bfC\u00f3mo vestir para una entrevista de trabajo?"},"content":{"rendered":"<p>Tener que hacer frente a una entrevista de trabajo es un momento decisivo. Representa el momento y la oportunidad para mostrar tus habilidades, tu experiencia y, claro, tu imagen personal. <strong>C\u00f3mo vestir para una entrevista de trabajo<\/strong> puede influir en la impresi\u00f3n que causas, por lo que elegir la <strong>ropa adecuada para una entrevista de trabajo<\/strong> es esencial. A continuaci\u00f3n, te damos algunos consejos pr\u00e1cticos para que tu vestimenta sume puntos a tu favor.<\/p>\n<h2>Tipo de ropa para una entrevista de trabajo<\/h2>\n<p>El tipo de ropa que lleves a una entrevista de trabajo depende mucho de la empresa y del puesto al que aspiras. No es lo mismo ir a una entrevista en una start-up creativa que en un banco tradicional. Sin embargo, hay algunas reglas generales que puedes seguir.<\/p>\n<p>Primero, opta por un look profesional y sobrio. Un traje, tanto para mujeres como para hombres, suele ser una elecci\u00f3n acertada, pero debes evitar atuendos demasiado formales si el ambiente de la empresa es m\u00e1s relajado. La clave est\u00e1 en encontrar el equilibrio entre lo elegante y lo adecuado para la ocasi\u00f3n.<\/p>\n<h3>Ropa para entrevista de trabajo<\/h3>\n<p>A continuaci\u00f3n te mostramos diferentes ideas de <strong>ropa para una entrevista de trabajo<\/strong> con la que seguro que acertar\u00e1s:<\/p>\n<ol>\n<li><strong>Blusas y camisas<\/strong>: Una blusa o camisa sencilla y bien planchada siempre es una elecci\u00f3n acertada. Los colores neutros como el blanco, crema o azul claro son ideales. Si quieres aportar un toque m\u00e1s personal al look, una blusa con un peque\u00f1o detalle o textura puede funcionar, pero evita los colores y patrones llamativos<\/li>\n<li><strong>Pantalones<\/strong>: Los pantalones de vestir son imprescindibles. Aseg\u00farate de que est\u00e9n bien planchados y que el largo sea el correcto. Los colores como el negro, gris o azul marino son los m\u00e1s recomendados.<\/li>\n<li><strong>Blazers y trajes<\/strong>: Un buen traje es tambi\u00e9n otra buena opci\u00f3n. Aseg\u00farate de que te quede bien, ni muy apretado, ni muy suelto. Si la entrevista es en una empresa m\u00e1s informal, un blazer puede ser suficiente.<\/li>\n<\/ol>\n<h2>Qu\u00e9 colores no llevar a una entrevista de trabajo<\/h2>\n<p>Elegir los colores adecuados es tan importante como seleccionar el estilo de tu ropa. Algunos colores pueden transmitir confianza y profesionalismo, mientras que otros pueden resultar una distracci\u00f3n o incluso enviar un mensaje equivocado. Aqu\u00ed te contamos qu\u00e9 colores evitar en una entrevista de trabajo:<\/p>\n<ul>\n<li><strong>Colores muy brillantes<\/strong>: Tonos como el rojo intenso, naranja ne\u00f3n o verde brillante pueden ser demasiado llamativos y desviar la atenci\u00f3n de lo que realmente importa: t\u00fa y tus habilidades.<\/li>\n<li><strong>Totalmente negro<\/strong>: Aunque el negro es elegante, vestirse de negro de pies a cabeza puede parecer demasiado severo o intimidante. Es mejor combinarlo con otros tonos neutros para suavizar el look.<\/li>\n<li><strong>Totalmente blanco<\/strong>: Vestirse completamente de blanco puede dar una sensaci\u00f3n de frialdad o distanciamiento. Mejor \u00fasalo en combinaci\u00f3n con otros colores para evitar este efecto.<\/li>\n<li><strong>Colores que se mezclan con el entorno<\/strong>: Si sabes de antemano el color del entorno donde ser\u00e1 la entrevista, evita llevar un color que te haga \u201cdesaparecer\u201d en el fondo.<\/li>\n<\/ul>\n<h2>Forma correcta de vestir para una entrevista<\/h2>\n<p>La<strong> forma correcta de vestir para una entrevista<\/strong> no solo depende de la ropa en s\u00ed, sino tambi\u00e9n de la empresa y su cultura. Antes de elegir tu atuendo, investiga sobre la empresa: \u00bfEs una startup con un ambiente relajado? \u00bfEs una corporaci\u00f3n con un c\u00f3digo de vestimenta m\u00e1s formal?<\/p>\n<p>Una buena pr\u00e1ctica es alinear tu vestimenta con los valores y la cultura de la empresa. Muchas veces, el sitio web de la compa\u00f1\u00eda ofrece pistas, ya sea a trav\u00e9s de fotos del equipo o de la descripci\u00f3n de su cultura organizacional.<\/p>\n<p>Recuerda, lo m\u00e1s importante es que te sientas c\u00f3modo y seguro con lo que llevas puesto. Si te sientes bien, eso se reflejar\u00e1 en tu actitud durante la entrevista, aumentando tus posibilidades de causar una buena impresi\u00f3n.<br \/>\nTambi\u00e9n podr\u00edan interesarte los siguientes posts sobre entrevistas como:<a href=\"https:\/\/www.infofeina.com\/blog\/es\/2023\/10\/23\/actitudes-de-un-buen-trabajador\/\"> Actitudes en la selecci\u00f3n de personal<\/a> o <a href=\"https:\/\/www.infofeina.com\/blog\/es\/2024\/05\/24\/preparar-entrevista-de-trabajo\/\">c\u00f3mo preparar una entrevista de trabajo<\/a>, por tal de garantizarte un \u00e9xito total en la entrevista.<\/p>\n","protected":false},"excerpt":{"rendered":"<p>Tener que hacer frente a una entrevista de trabajo es un momento decisivo. Representa el momento y la oportunidad para mostrar tus habilidades, tu experiencia y, claro, tu imagen personal. C\u00f3mo vestir para una entrevista de trabajo puede influir en la impresi\u00f3n que causas, por lo que elegir la ropa adecuada para una entrevista de [&hellip;]<\/p>\n","protected":false},"author":1,"featured_media":950,"comment_status":"open","ping_status":"open","sticky":false,"template":"","format":"standard","meta":{"_et_pb_use_builder":"","_et_pb_old_content":"","_et_gb_content_width":"","footnotes":""},"categories":[29],"tags":[],"class_list":["post-948","post","type-post","status-publish","format-standard","has-post-thumbnail","hentry","category-entrevista-de-trabajo-es"],"yoast_head":"<!-- This site is optimized with the Yoast SEO plugin v23.1 - https:\/\/yoast.com\/wordpress\/plugins\/seo\/ -->\n<title>c\u00f3mo vestir para una entrevista de trabajo<\/title>\n<meta name=\"description\" content=\"Aprende c\u00f3mo vestir para una entrevista de trabajo con recomendaciones clave y qu\u00e9 colores evitar para impresionar.\" \/>\n<meta name=\"robots\" content=\"index, follow, max-snippet:-1, max-image-preview:large, max-video-preview:-1\" \/>\n<link rel=\"canonical\" href=\"https:\/\/www.infofeina.com\/blog\/es\/2024\/09\/27\/como-vestir-para-una-entrevista-de-trabajo\/\" \/>\n<meta property=\"og:locale\" content=\"es_ES\" \/>\n<meta property=\"og:type\" content=\"article\" \/>\n<meta property=\"og:title\" content=\"c\u00f3mo vestir para una entrevista de trabajo\" \/>\n<meta property=\"og:description\" content=\"Aprende c\u00f3mo vestir para una entrevista de trabajo con recomendaciones clave y qu\u00e9 colores evitar para impresionar.\" \/>\n<meta property=\"og:url\" content=\"https:\/\/www.infofeina.com\/blog\/es\/2024\/09\/27\/como-vestir-para-una-entrevista-de-trabajo\/\" \/>\n<meta property=\"og:site_name\" content=\"Blog Infofeina\" \/>\n<meta property=\"article:published_time\" content=\"2024-09-27T08:36:05+00:00\" \/>\n<meta property=\"article:modified_time\" content=\"2024-09-30T08:36:33+00:00\" \/>\n<meta property=\"og:image\" content=\"https:\/\/www.infofeina.com\/blog\/wp-content\/uploads\/2024\/09\/como-vestir-para-una-entrevista-de-trabajo.jpg\" \/>\n\t<meta property=\"og:image:width\" content=\"795\" \/>\n\t<meta property=\"og:image:height\" content=\"530\" \/>\n\t<meta property=\"og:image:type\" content=\"image\/jpeg\" \/>\n<meta name=\"author\" content=\"admin\" \/>\n<meta name=\"twitter:card\" content=\"summary_large_image\" \/>\n<meta name=\"twitter:label1\" content=\"Escrito por\" \/>\n\t<meta name=\"twitter:data1\" content=\"admin\" \/>\n\t<meta name=\"twitter:label2\" content=\"Tiempo de lectura\" \/>\n\t<meta name=\"twitter:data2\" content=\"4 minutos\" \/>\n<script type=\"application\/ld+json\" class=\"yoast-schema-graph\">{\"@context\":\"https:\/\/schema.org\",\"@graph\":[{\"@type\":\"Article\",\"@id\":\"https:\/\/www.infofeina.com\/blog\/es\/2024\/09\/27\/como-vestir-para-una-entrevista-de-trabajo\/#article\",\"isPartOf\":{\"@id\":\"https:\/\/www.infofeina.com\/blog\/es\/2024\/09\/27\/como-vestir-para-una-entrevista-de-trabajo\/\"},\"author\":{\"name\":\"admin\",\"@id\":\"https:\/\/www.infofeina.com\/blog\/#\/schema\/person\/ee3f5bf3fcba9df54baef3ff88436462\"},\"headline\":\"\u00bfC\u00f3mo vestir para una entrevista de trabajo?\",\"datePublished\":\"2024-09-27T08:36:05+00:00\",\"dateModified\":\"2024-09-30T08:36:33+00:00\",\"mainEntityOfPage\":{\"@id\":\"https:\/\/www.infofeina.com\/blog\/es\/2024\/09\/27\/como-vestir-para-una-entrevista-de-trabajo\/\"},\"wordCount\":715,\"commentCount\":0,\"publisher\":{\"@id\":\"https:\/\/www.infofeina.com\/blog\/#organization\"},\"image\":{\"@id\":\"https:\/\/www.infofeina.com\/blog\/es\/2024\/09\/27\/como-vestir-para-una-entrevista-de-trabajo\/#primaryimage\"},\"thumbnailUrl\":\"https:\/\/www.infofeina.com\/blog\/wp-content\/uploads\/2024\/09\/como-vestir-para-una-entrevista-de-trabajo.jpg\",\"articleSection\":[\"Entrevista de trabajo\"],\"inLanguage\":\"es\",\"potentialAction\":[{\"@type\":\"CommentAction\",\"name\":\"Comment\",\"target\":[\"https:\/\/www.infofeina.com\/blog\/es\/2024\/09\/27\/como-vestir-para-una-entrevista-de-trabajo\/#respond\"]}]},{\"@type\":\"WebPage\",\"@id\":\"https:\/\/www.infofeina.com\/blog\/es\/2024\/09\/27\/como-vestir-para-una-entrevista-de-trabajo\/\",\"url\":\"https:\/\/www.infofeina.com\/blog\/es\/2024\/09\/27\/como-vestir-para-una-entrevista-de-trabajo\/\",\"name\":\"c\u00f3mo vestir para una entrevista de trabajo\",\"isPartOf\":{\"@id\":\"https:\/\/www.infofeina.com\/blog\/#website\"},\"primaryImageOfPage\":{\"@id\":\"https:\/\/www.infofeina.com\/blog\/es\/2024\/09\/27\/como-vestir-para-una-entrevista-de-trabajo\/#primaryimage\"},\"image\":{\"@id\":\"https:\/\/www.infofeina.com\/blog\/es\/2024\/09\/27\/como-vestir-para-una-entrevista-de-trabajo\/#primaryimage\"},\"thumbnailUrl\":\"https:\/\/www.infofeina.com\/blog\/wp-content\/uploads\/2024\/09\/como-vestir-para-una-entrevista-de-trabajo.jpg\",\"datePublished\":\"2024-09-27T08:36:05+00:00\",\"dateModified\":\"2024-09-30T08:36:33+00:00\",\"description\":\"Aprende c\u00f3mo vestir para una entrevista de trabajo con recomendaciones clave y qu\u00e9 colores evitar para impresionar.\",\"breadcrumb\":{\"@id\":\"https:\/\/www.infofeina.com\/blog\/es\/2024\/09\/27\/como-vestir-para-una-entrevista-de-trabajo\/#breadcrumb\"},\"inLanguage\":\"es\",\"potentialAction\":[{\"@type\":\"ReadAction\",\"target\":[\"https:\/\/www.infofeina.com\/blog\/es\/2024\/09\/27\/como-vestir-para-una-entrevista-de-trabajo\/\"]}]},{\"@type\":\"ImageObject\",\"inLanguage\":\"es\",\"@id\":\"https:\/\/www.infofeina.com\/blog\/es\/2024\/09\/27\/como-vestir-para-una-entrevista-de-trabajo\/#primaryimage\",\"url\":\"https:\/\/www.infofeina.com\/blog\/wp-content\/uploads\/2024\/09\/como-vestir-para-una-entrevista-de-trabajo.jpg\",\"contentUrl\":\"https:\/\/www.infofeina.com\/blog\/wp-content\/uploads\/2024\/09\/como-vestir-para-una-entrevista-de-trabajo.jpg\",\"width\":795,\"height\":530,\"caption\":\"COMO VESTIR PARA UNA ENTREVISTA DE TRABAJO\"},{\"@type\":\"BreadcrumbList\",\"@id\":\"https:\/\/www.infofeina.com\/blog\/es\/2024\/09\/27\/como-vestir-para-una-entrevista-de-trabajo\/#breadcrumb\",\"itemListElement\":[{\"@type\":\"ListItem\",\"position\":1,\"name\":\"Portada\",\"item\":\"https:\/\/www.infofeina.com\/blog\/es\/\"},{\"@type\":\"ListItem\",\"position\":2,\"name\":\"\u00bfC\u00f3mo vestir para una entrevista de trabajo?\"}]},{\"@type\":\"WebSite\",\"@id\":\"https:\/\/www.infofeina.com\/blog\/#website\",\"url\":\"https:\/\/www.infofeina.com\/blog\/\",\"name\":\"Blog Infofeina\",\"description\":\"\",\"publisher\":{\"@id\":\"https:\/\/www.infofeina.com\/blog\/#organization\"},\"potentialAction\":[{\"@type\":\"SearchAction\",\"target\":{\"@type\":\"EntryPoint\",\"urlTemplate\":\"https:\/\/www.infofeina.com\/blog\/?s={search_term_string}\"},\"query-input\":\"required name=search_term_string\"}],\"inLanguage\":\"es\"},{\"@type\":\"Organization\",\"@id\":\"https:\/\/www.infofeina.com\/blog\/#organization\",\"name\":\"Infofeina\",\"url\":\"https:\/\/www.infofeina.com\/blog\/\",\"logo\":{\"@type\":\"ImageObject\",\"inLanguage\":\"es\",\"@id\":\"https:\/\/www.infofeina.com\/blog\/#\/schema\/logo\/image\/\",\"url\":\"https:\/\/www.infofeina.com\/blog\/wp-content\/uploads\/2016\/07\/logo-infofeina-cabecera.png\",\"contentUrl\":\"https:\/\/www.infofeina.com\/blog\/wp-content\/uploads\/2016\/07\/logo-infofeina-cabecera.png\",\"width\":209,\"height\":75,\"caption\":\"Infofeina\"},\"image\":{\"@id\":\"https:\/\/www.infofeina.com\/blog\/#\/schema\/logo\/image\/\"}},{\"@type\":\"Person\",\"@id\":\"https:\/\/www.infofeina.com\/blog\/#\/schema\/person\/ee3f5bf3fcba9df54baef3ff88436462\",\"name\":\"admin\",\"image\":{\"@type\":\"ImageObject\",\"inLanguage\":\"es\",\"@id\":\"https:\/\/www.infofeina.com\/blog\/#\/schema\/person\/image\/\",\"url\":\"https:\/\/secure.gravatar.com\/avatar\/e8ef99449f4105c2d4642a60b17696add33d2f4cf9ec4499f84d0eed1718efbd?s=96&d=mm&r=g\",\"contentUrl\":\"https:\/\/secure.gravatar.com\/avatar\/e8ef99449f4105c2d4642a60b17696add33d2f4cf9ec4499f84d0eed1718efbd?s=96&d=mm&r=g\",\"caption\":\"admin\"}}]}<\/script>\n<!-- \/ Yoast SEO plugin. -->","yoast_head_json":{"title":"c\u00f3mo vestir para una entrevista de trabajo","description":"Aprende c\u00f3mo vestir para una entrevista de trabajo con recomendaciones clave y qu\u00e9 colores evitar para impresionar.","robots":{"index":"index","follow":"follow","max-snippet":"max-snippet:-1","max-image-preview":"max-image-preview:large","max-video-preview":"max-video-preview:-1"},"canonical":"https:\/\/www.infofeina.com\/blog\/es\/2024\/09\/27\/como-vestir-para-una-entrevista-de-trabajo\/","og_locale":"es_ES","og_type":"article","og_title":"c\u00f3mo vestir para una entrevista de trabajo","og_description":"Aprende c\u00f3mo vestir para una entrevista de trabajo con recomendaciones clave y qu\u00e9 colores evitar para impresionar.","og_url":"https:\/\/www.infofeina.com\/blog\/es\/2024\/09\/27\/como-vestir-para-una-entrevista-de-trabajo\/","og_site_name":"Blog Infofeina","article_published_time":"2024-09-27T08:36:05+00:00","article_modified_time":"2024-09-30T08:36:33+00:00","og_image":[{"width":795,"height":530,"url":"https:\/\/www.infofeina.com\/blog\/wp-content\/uploads\/2024\/09\/como-vestir-para-una-entrevista-de-trabajo.jpg","type":"image\/jpeg"}],"author":"admin","twitter_card":"summary_large_image","twitter_misc":{"Escrito por":"admin","Tiempo de lectura":"4 minutos"},"schema":{"@context":"https:\/\/schema.org","@graph":[{"@type":"Article","@id":"https:\/\/www.infofeina.com\/blog\/es\/2024\/09\/27\/como-vestir-para-una-entrevista-de-trabajo\/#article","isPartOf":{"@id":"https:\/\/www.infofeina.com\/blog\/es\/2024\/09\/27\/como-vestir-para-una-entrevista-de-trabajo\/"},"author":{"name":"admin","@id":"https:\/\/www.infofeina.com\/blog\/#\/schema\/person\/ee3f5bf3fcba9df54baef3ff88436462"},"headline":"\u00bfC\u00f3mo vestir para una entrevista de trabajo?","datePublished":"2024-09-27T08:36:05+00:00","dateModified":"2024-09-30T08:36:33+00:00","mainEntityOfPage":{"@id":"https:\/\/www.infofeina.com\/blog\/es\/2024\/09\/27\/como-vestir-para-una-entrevista-de-trabajo\/"},"wordCount":715,"commentCount":0,"publisher":{"@id":"https:\/\/www.infofeina.com\/blog\/#organization"},"image":{"@id":"https:\/\/www.infofeina.com\/blog\/es\/2024\/09\/27\/como-vestir-para-una-entrevista-de-trabajo\/#primaryimage"},"thumbnailUrl":"https:\/\/www.infofeina.com\/blog\/wp-content\/uploads\/2024\/09\/como-vestir-para-una-entrevista-de-trabajo.jpg","articleSection":["Entrevista de trabajo"],"inLanguage":"es","potentialAction":[{"@type":"CommentAction","name":"Comment","target":["https:\/\/www.infofeina.com\/blog\/es\/2024\/09\/27\/como-vestir-para-una-entrevista-de-trabajo\/#respond"]}]},{"@type":"WebPage","@id":"https:\/\/www.infofeina.com\/blog\/es\/2024\/09\/27\/como-vestir-para-una-entrevista-de-trabajo\/","url":"https:\/\/www.infofeina.com\/blog\/es\/2024\/09\/27\/como-vestir-para-una-entrevista-de-trabajo\/","name":"c\u00f3mo vestir para una entrevista de trabajo","isPartOf":{"@id":"https:\/\/www.infofeina.com\/blog\/#website"},"primaryImageOfPage":{"@id":"https:\/\/www.infofeina.com\/blog\/es\/2024\/09\/27\/como-vestir-para-una-entrevista-de-trabajo\/#primaryimage"},"image":{"@id":"https:\/\/www.infofeina.com\/blog\/es\/2024\/09\/27\/como-vestir-para-una-entrevista-de-trabajo\/#primaryimage"},"thumbnailUrl":"https:\/\/www.infofeina.com\/blog\/wp-content\/uploads\/2024\/09\/como-vestir-para-una-entrevista-de-trabajo.jpg","datePublished":"2024-09-27T08:36:05+00:00","dateModified":"2024-09-30T08:36:33+00:00","description":"Aprende c\u00f3mo vestir para una entrevista de trabajo con recomendaciones clave y qu\u00e9 colores evitar para impresionar.","breadcrumb":{"@id":"https:\/\/www.infofeina.com\/blog\/es\/2024\/09\/27\/como-vestir-para-una-entrevista-de-trabajo\/#breadcrumb"},"inLanguage":"es","potentialAction":[{"@type":"ReadAction","target":["https:\/\/www.infofeina.com\/blog\/es\/2024\/09\/27\/como-vestir-para-una-entrevista-de-trabajo\/"]}]},{"@type":"ImageObject","inLanguage":"es","@id":"https:\/\/www.infofeina.com\/blog\/es\/2024\/09\/27\/como-vestir-para-una-entrevista-de-trabajo\/#primaryimage","url":"https:\/\/www.infofeina.com\/blog\/wp-content\/uploads\/2024\/09\/como-vestir-para-una-entrevista-de-trabajo.jpg","contentUrl":"https:\/\/www.infofeina.com\/blog\/wp-content\/uploads\/2024\/09\/como-vestir-para-una-entrevista-de-trabajo.jpg","width":795,"height":530,"caption":"COMO VESTIR PARA UNA ENTREVISTA DE TRABAJO"},{"@type":"BreadcrumbList","@id":"https:\/\/www.infofeina.com\/blog\/es\/2024\/09\/27\/como-vestir-para-una-entrevista-de-trabajo\/#breadcrumb","itemListElement":[{"@type":"ListItem","position":1,"name":"Portada","item":"https:\/\/www.infofeina.com\/blog\/es\/"},{"@type":"ListItem","position":2,"name":"\u00bfC\u00f3mo vestir para una entrevista de trabajo?"}]},{"@type":"WebSite","@id":"https:\/\/www.infofeina.com\/blog\/#website","url":"https:\/\/www.infofeina.com\/blog\/","name":"Blog Infofeina","description":"","publisher":{"@id":"https:\/\/www.infofeina.com\/blog\/#organization"},"potentialAction":[{"@type":"SearchAction","target":{"@type":"EntryPoint","urlTemplate":"https:\/\/www.infofeina.com\/blog\/?s={search_term_string}"},"query-input":"required name=search_term_string"}],"inLanguage":"es"},{"@type":"Organization","@id":"https:\/\/www.infofeina.com\/blog\/#organization","name":"Infofeina","url":"https:\/\/www.infofeina.com\/blog\/","logo":{"@type":"ImageObject","inLanguage":"es","@id":"https:\/\/www.infofeina.com\/blog\/#\/schema\/logo\/image\/","url":"https:\/\/www.infofeina.com\/blog\/wp-content\/uploads\/2016\/07\/logo-infofeina-cabecera.png","contentUrl":"https:\/\/www.infofeina.com\/blog\/wp-content\/uploads\/2016\/07\/logo-infofeina-cabecera.png","width":209,"height":75,"caption":"Infofeina"},"image":{"@id":"https:\/\/www.infofeina.com\/blog\/#\/schema\/logo\/image\/"}},{"@type":"Person","@id":"https:\/\/www.infofeina.com\/blog\/#\/schema\/person\/ee3f5bf3fcba9df54baef3ff88436462","name":"admin","image":{"@type":"ImageObject","inLanguage":"es","@id":"https:\/\/www.infofeina.com\/blog\/#\/schema\/person\/image\/","url":"https:\/\/secure.gravatar.com\/avatar\/e8ef99449f4105c2d4642a60b17696add33d2f4cf9ec4499f84d0eed1718efbd?s=96&d=mm&r=g","contentUrl":"https:\/\/secure.gravatar.com\/avatar\/e8ef99449f4105c2d4642a60b17696add33d2f4cf9ec4499f84d0eed1718efbd?s=96&d=mm&r=g","caption":"admin"}}]}},"_links":{"self":[{"href":"https:\/\/www.infofeina.com\/blog\/wp-json\/wp\/v2\/posts\/948","targetHints":{"allow":["GET"]}}],"collection":[{"href":"https:\/\/www.infofeina.com\/blog\/wp-json\/wp\/v2\/posts"}],"about":[{"href":"https:\/\/www.infofeina.com\/blog\/wp-json\/wp\/v2\/types\/post"}],"author":[{"embeddable":true,"href":"https:\/\/www.infofeina.com\/blog\/wp-json\/wp\/v2\/users\/1"}],"replies":[{"embeddable":true,"href":"https:\/\/www.infofeina.com\/blog\/wp-json\/wp\/v2\/comments?post=948"}],"version-history":[{"count":3,"href":"https:\/\/www.infofeina.com\/blog\/wp-json\/wp\/v2\/posts\/948\/revisions"}],"predecessor-version":[{"id":954,"href":"https:\/\/www.infofeina.com\/blog\/wp-json\/wp\/v2\/posts\/948\/revisions\/954"}],"wp:featuredmedia":[{"embeddable":true,"href":"https:\/\/www.infofeina.com\/blog\/wp-json\/wp\/v2\/media\/950"}],"wp:attachment":[{"href":"https:\/\/www.infofeina.com\/blog\/wp-json\/wp\/v2\/media?parent=948"}],"wp:term":[{"taxonomy":"category","embeddable":true,"href":"https:\/\/www.infofeina.com\/blog\/wp-json\/wp\/v2\/categories?post=948"},{"taxonomy":"post_tag","embeddable":true,"href":"https:\/\/www.infofeina.com\/blog\/wp-json\/wp\/v2\/tags?post=948"}],"curies":[{"name":"wp","href":"https:\/\/api.w.org\/{rel}","templated":true}]}}