{"id":952,"date":"2024-09-27T08:36:51","date_gmt":"2024-09-27T08:36:51","guid":{"rendered":"https:\/\/www.infofeina.com\/blog\/?p=952"},"modified":"2024-09-30T08:37:07","modified_gmt":"2024-09-30T08:37:07","slug":"com-vestir-per-una-entrevista-de-treball","status":"publish","type":"post","link":"https:\/\/www.infofeina.com\/blog\/ca\/2024\/09\/27\/com-vestir-per-una-entrevista-de-treball\/","title":{"rendered":"Com vestir per una entrevista de treball?"},"content":{"rendered":"<p>Haver d&#8217;afrontar una entrevista de treball \u00e9s un moment decisiu. Representa l&#8217;oportunitat per mostrar les teves habilitats, la teva experi\u00e8ncia i, clar, la teva imatge personal. <strong>Com vestir per a una entrevista de treball<\/strong> pot influir en la impressi\u00f3 que causes, per aix\u00f2 triar la<strong> roba adequada per una entrevista de treball<\/strong> \u00e9s essencial. A continuaci\u00f3, t&#8217;oferim alguns consells pr\u00e0ctics perqu\u00e8 la teva vestimenta jugui a favor teu.<\/p>\n<h2>Tipus de roba per a una entrevista de treball<\/h2>\n<p>El tipus de roba que portis a una entrevista de feina dep\u00e8n molt de l&#8217;empresa i del lloc al qual aspires. No \u00e9s el mateix anar a una entrevista en una start-up creativa que en un banc tradicional. Tot i aix\u00f2, hi ha algunes regles generals que pots seguir.<\/p>\n<p>Primer, opta per un look professional i sobri. Un vestit, tant per a dones com per a homes, sol ser una elecci\u00f3 encertada, per\u00f2 evita indument\u00e0ries massa formals si l&#8217;ambient de l&#8217;empresa \u00e9s m\u00e9s relaxat. La clau \u00e9s trobar l&#8217;equilibri entre l&#8217;eleg\u00e0ncia i el que \u00e9s adequat per a l&#8217;ocasi\u00f3.<\/p>\n<h3>Roba per a una entrevista de treball<\/h3>\n<p>A continuaci\u00f3, et mostrem diferents idees de <strong>roba per a una entrevista de treball<\/strong> amb les quals segur que encertar\u00e0s:<\/p>\n<ol>\n<li><strong>Bruses i camises<\/strong>: Una brusa o camisa senzilla i ben planxada sempre \u00e9s una elecci\u00f3 encertada. Els colors neutres com el blanc, crema o blau clar s\u00f3n ideals. Si vols aportar un toc m\u00e9s personal al look, una brusa amb algun detall o textura pot funcionar, per\u00f2 evita els colors i patrons cridaners.<\/li>\n<li><strong>Pantalons<\/strong>: Els pantalons de vestir s\u00f3n imprescindibles. Assegura&#8217;t que estiguin ben planxats i que l&#8217;al\u00e7ada sigui la correcta. Els colors com el negre, gris o blau mar\u00ed s\u00f3n els m\u00e9s recomanats.<\/li>\n<li><strong>Blazers i vestits<\/strong>: Un bon vestit tamb\u00e9 \u00e9s una bona opci\u00f3. Assegura&#8217;t que et quedi b\u00e9, ni massa ajustat, ni massa ample. Si l&#8217;entrevista \u00e9s en una empresa m\u00e9s informal, un blazer pot ser suficient.<\/li>\n<\/ol>\n<h2>Quins colors no portar a una entrevista de treball<\/h2>\n<p>Escollir els colors adequats \u00e9s tan important com seleccionar l&#8217;estil de la roba. Alguns colors poden transmetre confian\u00e7a i professionalitat, mentre que altres poden resultar una distracci\u00f3 o fins i tot enviar un missatge equivocat. Aqu\u00ed et diem quins colors evitar en una entrevista de treball:<\/p>\n<ol>\n<li><strong>Colors molt brillants<\/strong>: Tons com el vermell intens, taronja ne\u00f3 o verd brillant poden ser massa cridaners i desviar l&#8217;atenci\u00f3 del que realment importa: tu i les teves habilitats.<\/li>\n<li><strong>Totalment negre<\/strong>: Tot i que el negre \u00e9s elegant, vestir-se de negre de cap a peus pot semblar massa sever o intimidatori. \u00c9s millor combinar-lo amb altres tons neutres per suavitzar el look.<\/li>\n<li><strong>Totalment blanc<\/strong>: Vestir-se completament de blanc pot donar una sensaci\u00f3 de fredor o distanciament. Millor utilitza&#8217;l en combinaci\u00f3 amb altres colors per evitar aquest efecte.<\/li>\n<li><strong>Colors que es confonen amb l&#8217;entorn<\/strong>: Si saps per endavant el color de l&#8217;entorn on ser\u00e0 l&#8217;entrevista, evita portar un color que et faci \u201cdesapar\u00e8ixer\u201d en el fons.<\/li>\n<\/ol>\n<h2>La manera correcta de vestir per a una entrevista<\/h2>\n<p>La <strong>manera correcta de vestir per a una entrevista<\/strong> no nom\u00e9s dep\u00e8n de la roba en si, sin\u00f3 tamb\u00e9 de l&#8217;empresa i la seva cultura. Abans de triar el teu vestuari, investiga sobre l&#8217;empresa: \u00c9s una start-up amb un ambient relaxat? \u00c9s una corporaci\u00f3 amb un codi de vestimenta m\u00e9s formal?<\/p>\n<p>Una bona pr\u00e0ctica \u00e9s alinear la teva vestimenta amb els valors i la cultura de l&#8217;empresa. Moltes vegades, el lloc web de la companyia ofereix pistes, ja sigui a trav\u00e9s de fotos de l&#8217;equip o de la descripci\u00f3 de la seva cultura organitzacional.<\/p>\n<p>Recorda, el m\u00e9s important \u00e9s que et sentis c\u00f2mode i segur amb el que portes. Si et sents b\u00e9, aix\u00f2 es reflectir\u00e0 en la teva actitud durant l&#8217;entrevista, augmentant les possibilitats de causar una bona impressi\u00f3.<\/p>\n<p>Tamb\u00e9 et poden interessar altres articles sobre entrevistes com: <a href=\"https:\/\/www.infofeina.com\/blog\/ca\/2023\/10\/23\/actituts-dun-bon-treballador\/\">Actituds en la selecci\u00f3 de personal<\/a> o <a href=\"https:\/\/www.infofeina.com\/blog\/ca\/2024\/05\/24\/preparar-entrevista-de-feina\/\">com preparar una entrevista de feina<\/a>, per tal de garantir-te un \u00e8xit total a l&#8217;entrevista.<\/p>\n<p>&nbsp;<\/p>\n<p>&nbsp;<\/p>\n","protected":false},"excerpt":{"rendered":"<p>Haver d&#8217;afrontar una entrevista de treball \u00e9s un moment decisiu. Representa l&#8217;oportunitat per mostrar les teves habilitats, la teva experi\u00e8ncia i, clar, la teva imatge personal. Com vestir per a una entrevista de treball pot influir en la impressi\u00f3 que causes, per aix\u00f2 triar la roba adequada per una entrevista de treball \u00e9s essencial. A [&hellip;]<\/p>\n","protected":false},"author":1,"featured_media":950,"comment_status":"open","ping_status":"open","sticky":false,"template":"","format":"standard","meta":{"_et_pb_use_builder":"","_et_pb_old_content":"","_et_gb_content_width":"","footnotes":""},"categories":[34],"tags":[],"class_list":["post-952","post","type-post","status-publish","format-standard","has-post-thumbnail","hentry","category-entrevista-de-treball"],"yoast_head":"<!-- This site is optimized with the Yoast SEO plugin v23.1 - https:\/\/yoast.com\/wordpress\/plugins\/seo\/ -->\n<title>c\u00f3mo vestir para una entrevista de trabajo<\/title>\n<meta name=\"description\" content=\"Aprende c\u00f3mo vestir para una entrevista de trabajo con recomendaciones clave y qu\u00e9 colores evitar para impresionar.\" \/>\n<meta name=\"robots\" content=\"index, follow, max-snippet:-1, max-image-preview:large, max-video-preview:-1\" \/>\n<link rel=\"canonical\" href=\"https:\/\/www.infofeina.com\/blog\/ca\/2024\/09\/27\/com-vestir-per-una-entrevista-de-treball\/\" \/>\n<meta property=\"og:locale\" content=\"es_ES\" \/>\n<meta property=\"og:type\" content=\"article\" \/>\n<meta property=\"og:title\" content=\"c\u00f3mo vestir para una entrevista de trabajo\" \/>\n<meta property=\"og:description\" content=\"Aprende c\u00f3mo vestir para una entrevista de trabajo con recomendaciones clave y qu\u00e9 colores evitar para impresionar.\" \/>\n<meta property=\"og:url\" content=\"https:\/\/www.infofeina.com\/blog\/ca\/2024\/09\/27\/com-vestir-per-una-entrevista-de-treball\/\" \/>\n<meta property=\"og:site_name\" content=\"Blog Infofeina\" \/>\n<meta property=\"article:published_time\" content=\"2024-09-27T08:36:51+00:00\" \/>\n<meta property=\"article:modified_time\" content=\"2024-09-30T08:37:07+00:00\" \/>\n<meta property=\"og:image\" content=\"https:\/\/www.infofeina.com\/blog\/wp-content\/uploads\/2024\/09\/como-vestir-para-una-entrevista-de-trabajo.jpg\" \/>\n\t<meta property=\"og:image:width\" content=\"795\" \/>\n\t<meta property=\"og:image:height\" content=\"530\" \/>\n\t<meta property=\"og:image:type\" content=\"image\/jpeg\" \/>\n<meta name=\"author\" content=\"admin\" \/>\n<meta name=\"twitter:card\" content=\"summary_large_image\" \/>\n<meta name=\"twitter:label1\" content=\"Escrito por\" \/>\n\t<meta name=\"twitter:data1\" content=\"admin\" \/>\n\t<meta name=\"twitter:label2\" content=\"Tiempo de lectura\" \/>\n\t<meta name=\"twitter:data2\" content=\"4 minutos\" \/>\n<script type=\"application\/ld+json\" class=\"yoast-schema-graph\">{\"@context\":\"https:\/\/schema.org\",\"@graph\":[{\"@type\":\"Article\",\"@id\":\"https:\/\/www.infofeina.com\/blog\/ca\/2024\/09\/27\/com-vestir-per-una-entrevista-de-treball\/#article\",\"isPartOf\":{\"@id\":\"https:\/\/www.infofeina.com\/blog\/ca\/2024\/09\/27\/com-vestir-per-una-entrevista-de-treball\/\"},\"author\":{\"name\":\"admin\",\"@id\":\"https:\/\/www.infofeina.com\/blog\/#\/schema\/person\/ee3f5bf3fcba9df54baef3ff88436462\"},\"headline\":\"Com vestir per una entrevista de treball?\",\"datePublished\":\"2024-09-27T08:36:51+00:00\",\"dateModified\":\"2024-09-30T08:37:07+00:00\",\"mainEntityOfPage\":{\"@id\":\"https:\/\/www.infofeina.com\/blog\/ca\/2024\/09\/27\/com-vestir-per-una-entrevista-de-treball\/\"},\"wordCount\":694,\"commentCount\":0,\"publisher\":{\"@id\":\"https:\/\/www.infofeina.com\/blog\/#organization\"},\"image\":{\"@id\":\"https:\/\/www.infofeina.com\/blog\/ca\/2024\/09\/27\/com-vestir-per-una-entrevista-de-treball\/#primaryimage\"},\"thumbnailUrl\":\"https:\/\/www.infofeina.com\/blog\/wp-content\/uploads\/2024\/09\/como-vestir-para-una-entrevista-de-trabajo.jpg\",\"articleSection\":[\"Entrevista de treball\"],\"inLanguage\":\"es\",\"potentialAction\":[{\"@type\":\"CommentAction\",\"name\":\"Comment\",\"target\":[\"https:\/\/www.infofeina.com\/blog\/ca\/2024\/09\/27\/com-vestir-per-una-entrevista-de-treball\/#respond\"]}]},{\"@type\":\"WebPage\",\"@id\":\"https:\/\/www.infofeina.com\/blog\/ca\/2024\/09\/27\/com-vestir-per-una-entrevista-de-treball\/\",\"url\":\"https:\/\/www.infofeina.com\/blog\/ca\/2024\/09\/27\/com-vestir-per-una-entrevista-de-treball\/\",\"name\":\"c\u00f3mo vestir para una entrevista de trabajo\",\"isPartOf\":{\"@id\":\"https:\/\/www.infofeina.com\/blog\/#website\"},\"primaryImageOfPage\":{\"@id\":\"https:\/\/www.infofeina.com\/blog\/ca\/2024\/09\/27\/com-vestir-per-una-entrevista-de-treball\/#primaryimage\"},\"image\":{\"@id\":\"https:\/\/www.infofeina.com\/blog\/ca\/2024\/09\/27\/com-vestir-per-una-entrevista-de-treball\/#primaryimage\"},\"thumbnailUrl\":\"https:\/\/www.infofeina.com\/blog\/wp-content\/uploads\/2024\/09\/como-vestir-para-una-entrevista-de-trabajo.jpg\",\"datePublished\":\"2024-09-27T08:36:51+00:00\",\"dateModified\":\"2024-09-30T08:37:07+00:00\",\"description\":\"Aprende c\u00f3mo vestir para una entrevista de trabajo con recomendaciones clave y qu\u00e9 colores evitar para impresionar.\",\"breadcrumb\":{\"@id\":\"https:\/\/www.infofeina.com\/blog\/ca\/2024\/09\/27\/com-vestir-per-una-entrevista-de-treball\/#breadcrumb\"},\"inLanguage\":\"es\",\"potentialAction\":[{\"@type\":\"ReadAction\",\"target\":[\"https:\/\/www.infofeina.com\/blog\/ca\/2024\/09\/27\/com-vestir-per-una-entrevista-de-treball\/\"]}]},{\"@type\":\"ImageObject\",\"inLanguage\":\"es\",\"@id\":\"https:\/\/www.infofeina.com\/blog\/ca\/2024\/09\/27\/com-vestir-per-una-entrevista-de-treball\/#primaryimage\",\"url\":\"https:\/\/www.infofeina.com\/blog\/wp-content\/uploads\/2024\/09\/como-vestir-para-una-entrevista-de-trabajo.jpg\",\"contentUrl\":\"https:\/\/www.infofeina.com\/blog\/wp-content\/uploads\/2024\/09\/como-vestir-para-una-entrevista-de-trabajo.jpg\",\"width\":795,\"height\":530,\"caption\":\"COMO VESTIR PARA UNA ENTREVISTA DE TRABAJO\"},{\"@type\":\"BreadcrumbList\",\"@id\":\"https:\/\/www.infofeina.com\/blog\/ca\/2024\/09\/27\/com-vestir-per-una-entrevista-de-treball\/#breadcrumb\",\"itemListElement\":[{\"@type\":\"ListItem\",\"position\":1,\"name\":\"Portada\",\"item\":\"https:\/\/www.infofeina.com\/blog\/es\/\"},{\"@type\":\"ListItem\",\"position\":2,\"name\":\"Com vestir per una entrevista de treball?\"}]},{\"@type\":\"WebSite\",\"@id\":\"https:\/\/www.infofeina.com\/blog\/#website\",\"url\":\"https:\/\/www.infofeina.com\/blog\/\",\"name\":\"Blog Infofeina\",\"description\":\"\",\"publisher\":{\"@id\":\"https:\/\/www.infofeina.com\/blog\/#organization\"},\"potentialAction\":[{\"@type\":\"SearchAction\",\"target\":{\"@type\":\"EntryPoint\",\"urlTemplate\":\"https:\/\/www.infofeina.com\/blog\/?s={search_term_string}\"},\"query-input\":\"required name=search_term_string\"}],\"inLanguage\":\"es\"},{\"@type\":\"Organization\",\"@id\":\"https:\/\/www.infofeina.com\/blog\/#organization\",\"name\":\"Infofeina\",\"url\":\"https:\/\/www.infofeina.com\/blog\/\",\"logo\":{\"@type\":\"ImageObject\",\"inLanguage\":\"es\",\"@id\":\"https:\/\/www.infofeina.com\/blog\/#\/schema\/logo\/image\/\",\"url\":\"https:\/\/www.infofeina.com\/blog\/wp-content\/uploads\/2016\/07\/logo-infofeina-cabecera.png\",\"contentUrl\":\"https:\/\/www.infofeina.com\/blog\/wp-content\/uploads\/2016\/07\/logo-infofeina-cabecera.png\",\"width\":209,\"height\":75,\"caption\":\"Infofeina\"},\"image\":{\"@id\":\"https:\/\/www.infofeina.com\/blog\/#\/schema\/logo\/image\/\"}},{\"@type\":\"Person\",\"@id\":\"https:\/\/www.infofeina.com\/blog\/#\/schema\/person\/ee3f5bf3fcba9df54baef3ff88436462\",\"name\":\"admin\",\"image\":{\"@type\":\"ImageObject\",\"inLanguage\":\"es\",\"@id\":\"https:\/\/www.infofeina.com\/blog\/#\/schema\/person\/image\/\",\"url\":\"https:\/\/secure.gravatar.com\/avatar\/e8ef99449f4105c2d4642a60b17696add33d2f4cf9ec4499f84d0eed1718efbd?s=96&d=mm&r=g\",\"contentUrl\":\"https:\/\/secure.gravatar.com\/avatar\/e8ef99449f4105c2d4642a60b17696add33d2f4cf9ec4499f84d0eed1718efbd?s=96&d=mm&r=g\",\"caption\":\"admin\"}}]}<\/script>\n<!-- \/ Yoast SEO plugin. -->","yoast_head_json":{"title":"c\u00f3mo vestir para una entrevista de trabajo","description":"Aprende c\u00f3mo vestir para una entrevista de trabajo con recomendaciones clave y qu\u00e9 colores evitar para impresionar.","robots":{"index":"index","follow":"follow","max-snippet":"max-snippet:-1","max-image-preview":"max-image-preview:large","max-video-preview":"max-video-preview:-1"},"canonical":"https:\/\/www.infofeina.com\/blog\/ca\/2024\/09\/27\/com-vestir-per-una-entrevista-de-treball\/","og_locale":"es_ES","og_type":"article","og_title":"c\u00f3mo vestir para una entrevista de trabajo","og_description":"Aprende c\u00f3mo vestir para una entrevista de trabajo con recomendaciones clave y qu\u00e9 colores evitar para impresionar.","og_url":"https:\/\/www.infofeina.com\/blog\/ca\/2024\/09\/27\/com-vestir-per-una-entrevista-de-treball\/","og_site_name":"Blog Infofeina","article_published_time":"2024-09-27T08:36:51+00:00","article_modified_time":"2024-09-30T08:37:07+00:00","og_image":[{"width":795,"height":530,"url":"https:\/\/www.infofeina.com\/blog\/wp-content\/uploads\/2024\/09\/como-vestir-para-una-entrevista-de-trabajo.jpg","type":"image\/jpeg"}],"author":"admin","twitter_card":"summary_large_image","twitter_misc":{"Escrito por":"admin","Tiempo de lectura":"4 minutos"},"schema":{"@context":"https:\/\/schema.org","@graph":[{"@type":"Article","@id":"https:\/\/www.infofeina.com\/blog\/ca\/2024\/09\/27\/com-vestir-per-una-entrevista-de-treball\/#article","isPartOf":{"@id":"https:\/\/www.infofeina.com\/blog\/ca\/2024\/09\/27\/com-vestir-per-una-entrevista-de-treball\/"},"author":{"name":"admin","@id":"https:\/\/www.infofeina.com\/blog\/#\/schema\/person\/ee3f5bf3fcba9df54baef3ff88436462"},"headline":"Com vestir per una entrevista de treball?","datePublished":"2024-09-27T08:36:51+00:00","dateModified":"2024-09-30T08:37:07+00:00","mainEntityOfPage":{"@id":"https:\/\/www.infofeina.com\/blog\/ca\/2024\/09\/27\/com-vestir-per-una-entrevista-de-treball\/"},"wordCount":694,"commentCount":0,"publisher":{"@id":"https:\/\/www.infofeina.com\/blog\/#organization"},"image":{"@id":"https:\/\/www.infofeina.com\/blog\/ca\/2024\/09\/27\/com-vestir-per-una-entrevista-de-treball\/#primaryimage"},"thumbnailUrl":"https:\/\/www.infofeina.com\/blog\/wp-content\/uploads\/2024\/09\/como-vestir-para-una-entrevista-de-trabajo.jpg","articleSection":["Entrevista de treball"],"inLanguage":"es","potentialAction":[{"@type":"CommentAction","name":"Comment","target":["https:\/\/www.infofeina.com\/blog\/ca\/2024\/09\/27\/com-vestir-per-una-entrevista-de-treball\/#respond"]}]},{"@type":"WebPage","@id":"https:\/\/www.infofeina.com\/blog\/ca\/2024\/09\/27\/com-vestir-per-una-entrevista-de-treball\/","url":"https:\/\/www.infofeina.com\/blog\/ca\/2024\/09\/27\/com-vestir-per-una-entrevista-de-treball\/","name":"c\u00f3mo vestir para una entrevista de trabajo","isPartOf":{"@id":"https:\/\/www.infofeina.com\/blog\/#website"},"primaryImageOfPage":{"@id":"https:\/\/www.infofeina.com\/blog\/ca\/2024\/09\/27\/com-vestir-per-una-entrevista-de-treball\/#primaryimage"},"image":{"@id":"https:\/\/www.infofeina.com\/blog\/ca\/2024\/09\/27\/com-vestir-per-una-entrevista-de-treball\/#primaryimage"},"thumbnailUrl":"https:\/\/www.infofeina.com\/blog\/wp-content\/uploads\/2024\/09\/como-vestir-para-una-entrevista-de-trabajo.jpg","datePublished":"2024-09-27T08:36:51+00:00","dateModified":"2024-09-30T08:37:07+00:00","description":"Aprende c\u00f3mo vestir para una entrevista de trabajo con recomendaciones clave y qu\u00e9 colores evitar para impresionar.","breadcrumb":{"@id":"https:\/\/www.infofeina.com\/blog\/ca\/2024\/09\/27\/com-vestir-per-una-entrevista-de-treball\/#breadcrumb"},"inLanguage":"es","potentialAction":[{"@type":"ReadAction","target":["https:\/\/www.infofeina.com\/blog\/ca\/2024\/09\/27\/com-vestir-per-una-entrevista-de-treball\/"]}]},{"@type":"ImageObject","inLanguage":"es","@id":"https:\/\/www.infofeina.com\/blog\/ca\/2024\/09\/27\/com-vestir-per-una-entrevista-de-treball\/#primaryimage","url":"https:\/\/www.infofeina.com\/blog\/wp-content\/uploads\/2024\/09\/como-vestir-para-una-entrevista-de-trabajo.jpg","contentUrl":"https:\/\/www.infofeina.com\/blog\/wp-content\/uploads\/2024\/09\/como-vestir-para-una-entrevista-de-trabajo.jpg","width":795,"height":530,"caption":"COMO VESTIR PARA UNA ENTREVISTA DE TRABAJO"},{"@type":"BreadcrumbList","@id":"https:\/\/www.infofeina.com\/blog\/ca\/2024\/09\/27\/com-vestir-per-una-entrevista-de-treball\/#breadcrumb","itemListElement":[{"@type":"ListItem","position":1,"name":"Portada","item":"https:\/\/www.infofeina.com\/blog\/es\/"},{"@type":"ListItem","position":2,"name":"Com vestir per una entrevista de treball?"}]},{"@type":"WebSite","@id":"https:\/\/www.infofeina.com\/blog\/#website","url":"https:\/\/www.infofeina.com\/blog\/","name":"Blog Infofeina","description":"","publisher":{"@id":"https:\/\/www.infofeina.com\/blog\/#organization"},"potentialAction":[{"@type":"SearchAction","target":{"@type":"EntryPoint","urlTemplate":"https:\/\/www.infofeina.com\/blog\/?s={search_term_string}"},"query-input":"required name=search_term_string"}],"inLanguage":"es"},{"@type":"Organization","@id":"https:\/\/www.infofeina.com\/blog\/#organization","name":"Infofeina","url":"https:\/\/www.infofeina.com\/blog\/","logo":{"@type":"ImageObject","inLanguage":"es","@id":"https:\/\/www.infofeina.com\/blog\/#\/schema\/logo\/image\/","url":"https:\/\/www.infofeina.com\/blog\/wp-content\/uploads\/2016\/07\/logo-infofeina-cabecera.png","contentUrl":"https:\/\/www.infofeina.com\/blog\/wp-content\/uploads\/2016\/07\/logo-infofeina-cabecera.png","width":209,"height":75,"caption":"Infofeina"},"image":{"@id":"https:\/\/www.infofeina.com\/blog\/#\/schema\/logo\/image\/"}},{"@type":"Person","@id":"https:\/\/www.infofeina.com\/blog\/#\/schema\/person\/ee3f5bf3fcba9df54baef3ff88436462","name":"admin","image":{"@type":"ImageObject","inLanguage":"es","@id":"https:\/\/www.infofeina.com\/blog\/#\/schema\/person\/image\/","url":"https:\/\/secure.gravatar.com\/avatar\/e8ef99449f4105c2d4642a60b17696add33d2f4cf9ec4499f84d0eed1718efbd?s=96&d=mm&r=g","contentUrl":"https:\/\/secure.gravatar.com\/avatar\/e8ef99449f4105c2d4642a60b17696add33d2f4cf9ec4499f84d0eed1718efbd?s=96&d=mm&r=g","caption":"admin"}}]}},"_links":{"self":[{"href":"https:\/\/www.infofeina.com\/blog\/wp-json\/wp\/v2\/posts\/952","targetHints":{"allow":["GET"]}}],"collection":[{"href":"https:\/\/www.infofeina.com\/blog\/wp-json\/wp\/v2\/posts"}],"about":[{"href":"https:\/\/www.infofeina.com\/blog\/wp-json\/wp\/v2\/types\/post"}],"author":[{"embeddable":true,"href":"https:\/\/www.infofeina.com\/blog\/wp-json\/wp\/v2\/users\/1"}],"replies":[{"embeddable":true,"href":"https:\/\/www.infofeina.com\/blog\/wp-json\/wp\/v2\/comments?post=952"}],"version-history":[{"count":2,"href":"https:\/\/www.infofeina.com\/blog\/wp-json\/wp\/v2\/posts\/952\/revisions"}],"predecessor-version":[{"id":955,"href":"https:\/\/www.infofeina.com\/blog\/wp-json\/wp\/v2\/posts\/952\/revisions\/955"}],"wp:featuredmedia":[{"embeddable":true,"href":"https:\/\/www.infofeina.com\/blog\/wp-json\/wp\/v2\/media\/950"}],"wp:attachment":[{"href":"https:\/\/www.infofeina.com\/blog\/wp-json\/wp\/v2\/media?parent=952"}],"wp:term":[{"taxonomy":"category","embeddable":true,"href":"https:\/\/www.infofeina.com\/blog\/wp-json\/wp\/v2\/categories?post=952"},{"taxonomy":"post_tag","embeddable":true,"href":"https:\/\/www.infofeina.com\/blog\/wp-json\/wp\/v2\/tags?post=952"}],"curies":[{"name":"wp","href":"https:\/\/api.w.org\/{rel}","templated":true}]}}